{"id":1095,"date":"2012-09-16T22:58:01","date_gmt":"2012-09-16T20:58:01","guid":{"rendered":"http:\/\/etudes-woolfiennes.org\/?p=1095"},"modified":"2017-12-26T18:31:13","modified_gmt":"2017-12-26T16:31:13","slug":"journee-detudes-4-oct-2012","status":"publish","type":"post","link":"https:\/\/etudes-woolfiennes.org\/?p=1095","title":{"rendered":"Maison de la Recherche \u2013 Universit\u00e9 de Paris III \u2013 Sorbonne Nouvelle, 4 octobre 2012"},"content":{"rendered":"<div class=\"entry-content\">\n<h3 style=\"text-align: center;\"><strong>TEXTES SANS FRONTI\u00c8RES : <\/strong><\/h3>\n<h3 style=\"text-align: center;\"><strong>VIRGINIA WOOLF, DE PARIS \u00c0 L\u2019AILLEURS<\/strong><\/h3>\n<p style=\"text-align: center;\">\u00e0\u00a0 la <strong>Maison de la Recherche de l\u2019Universit\u00e9 de Paris III-Sorbonne Nouvelle<\/strong>, 4 rue des Irlandais, 75005 Paris, Salle Claude Simon.<\/p>\n<p style=\"text-align: center;\">Mod\u00e9ratrice : Anne Besnault-Levita<\/p>\n<p style=\"text-align: center;\">14h-14h55 \u2014 Claire P\u00e9gon et Anne-Marie Smith-Di Biasio \u00ab Outlanding Woolf : \u2018These outlandish parts\u2019, \u2018Out of England\u00a0\u00bb\u2019<\/p>\n<p style=\"text-align: center;\">14h55-15h20 \u2014 Catherine Lanone \u00ab\u00a0Le go\u00fbt de l\u2019ailleurs chez Virginia Woolf\u00a0\u00bb<\/p>\n<p style=\"text-align: center;\">Pause<\/p>\n<p style=\"text-align: center;\">15h30-15h55 \u2014 Caroline Pollentier \u00ab\u00a0Virginia Woolf\u2019s America\u00a0\u00bb<\/p>\n<p style=\"text-align: center;\">15h55-16h20 \u2014 Anne-Laure Rigeade \u00ab\u00a0Woolf et la France, rencontres rat\u00e9es\u00a0\u00bb<\/p>\n<p style=\"text-align: center;\">16h20-16h45 \u2014 Sandra Cheilan \u00ab\u00a0Woolf, lectrice de Proust\u00a0\u00bb<\/p>\n<p style=\"text-align: center;\">17h \u2014 discussion et conclusion<\/p>\n<p style=\"text-align: center;\">Pot de l\u2019amiti\u00e9<\/p>\n<p style=\"text-align: center;\">Cette journ\u00e9e marque l\u2019\u00e9tape pr\u00e9liminaire d\u2019un projet de r\u00e9flexion plus large qu\u2019il est propos\u00e9 d\u2019\u00e9tendre \u00e0\u00a0 <strong>un colloque sur \u00ab\u00a0Woolf et l\u2019\u00e9tranger \/ la langue \u00e9trang\u00e8re (\u00ab\u00a0Woolf and Foreignness \/ Migrations of Language\u00a0\u00bb)<\/strong>.<br \/>\nNous vous invitons \u00e0\u00a0 partager cette r\u00e9flexion, m\u00eame si vous ne pouvez assister \u00e0 cette journ\u00e9e d\u2019\u00e9tudes, dont le d\u00e9veloppement sera \u00e9voqu\u00e9 en Assembl\u00e9e g\u00e9n\u00e9rale, le samedi 6 octobre \u00e0 17h.<\/p>\n<\/div>\n","protected":false},"excerpt":{"rendered":"<p>Cette journ\u00e9e marque l\u2019\u00e9tape pr\u00e9liminaire d\u2019un projet de r\u00e9flexion plus large qu\u2019il est propos\u00e9 d\u2019\u00e9tendre \u00e0  un colloque sur \u00ab Woolf et l\u2019\u00e9tranger \/ la langue \u00e9trang\u00e8re (\u00ab Woolf and Foreignness \/ Migrations of Language \u00bb).<\/p>\n","protected":false},"author":1,"featured_media":0,"comment_status":"closed","ping_status":"open","sticky":false,"template":"","format":"standard","meta":{"footnotes":""},"categories":[33],"tags":[],"class_list":["post-1095","post","type-post","status-publish","format-standard","hentry","category-evenements-sew"],"blocksy_meta":[],"_links":{"self":[{"href":"https:\/\/etudes-woolfiennes.org\/index.php?rest_route=\/wp\/v2\/posts\/1095","targetHints":{"allow":["GET"]}}],"collection":[{"href":"https:\/\/etudes-woolfiennes.org\/index.php?rest_route=\/wp\/v2\/posts"}],"about":[{"href":"https:\/\/etudes-woolfiennes.org\/index.php?rest_route=\/wp\/v2\/types\/post"}],"author":[{"embeddable":true,"href":"https:\/\/etudes-woolfiennes.org\/index.php?rest_route=\/wp\/v2\/users\/1"}],"replies":[{"embeddable":true,"href":"https:\/\/etudes-woolfiennes.org\/index.php?rest_route=%2Fwp%2Fv2%2Fcomments&post=1095"}],"version-history":[{"count":9,"href":"https:\/\/etudes-woolfiennes.org\/index.php?rest_route=\/wp\/v2\/posts\/1095\/revisions"}],"predecessor-version":[{"id":2318,"href":"https:\/\/etudes-woolfiennes.org\/index.php?rest_route=\/wp\/v2\/posts\/1095\/revisions\/2318"}],"wp:attachment":[{"href":"https:\/\/etudes-woolfiennes.org\/index.php?rest_route=%2Fwp%2Fv2%2Fmedia&parent=1095"}],"wp:term":[{"taxonomy":"category","embeddable":true,"href":"https:\/\/etudes-woolfiennes.org\/index.php?rest_route=%2Fwp%2Fv2%2Fcategories&post=1095"},{"taxonomy":"post_tag","embeddable":true,"href":"https:\/\/etudes-woolfiennes.org\/index.php?rest_route=%2Fwp%2Fv2%2Ftags&post=1095"}],"curies":[{"name":"wp","href":"https:\/\/api.w.org\/{rel}","templated":true}]}}