{"id":128,"date":"2010-03-30T16:39:28","date_gmt":"2010-03-30T14:39:28","guid":{"rendered":"http:\/\/etudes-woolfiennes.org\/?p=128"},"modified":"2017-12-26T17:49:17","modified_gmt":"2017-12-26T15:49:17","slug":"seminaire-literature-psychoanalysis-%e2%80%93-les-femmes-et-la-folie","status":"publish","type":"post","link":"https:\/\/etudes-woolfiennes.org\/?p=128","title":{"rendered":"Virginia Woolf, les hantises de l\u2019\u00e9criture \u2013 Conf\u00e9rence pr\u00e9sent\u00e9e par Anne-Marie Smith-Di Biasio"},"content":{"rendered":"<div>\n<div class=\"entry-content\">\n<div class=\"entry\">\n<div>\n<h2 style=\"text-align: center;\">Virginia Woolf, les hantises de l\u2019\u00e9criture<\/h2>\n<h3 style=\"text-align: center;\"><strong>Conf\u00e9rence pr\u00e9sent\u00e9e par Anne-Marie Smith-Di Biasio <\/strong><\/h3>\n<h3 style=\"text-align: center;\"><strong>le 26 mars 2010 de 10h40 \u00e0 12h (salle G29) \u00e0 l\u2019American University\u00a0 \u2013 147 rue de Grenelle, 75007 Paris.<\/strong><\/h3>\n<p style=\"text-align: center;\">Il y a un inconscient de l\u2019\u00e9criture car l\u2019artiste se confie \u00e0 sa cr\u00e9ation; son adresse intime, radicale, impronon\u00e7able est l\u00e0. Comme l\u2019\u0153uvre re\u00e7oit l\u2019empreinte de sa vie, s\u2019y inscrivent en filigrane \u2013 sonore, hallucinatoire \u2013 ses hantises et le lieu de leur trouble.<\/p>\n<p style=\"text-align: center;\">L\u2019\u00e9criture de Virginia Woolf\u00a0 t\u00e9moigne d\u2019un engagement intime et radical dans la f\u00e9minit\u00e9 qui me semble \u00eatre ins\u00e9parable de l\u2019activit\u00e9 de son \u00e9criture comme mise en \u0153uvre d\u2019une m\u00e9moire dans la langue contre les refoulements ordinaires du langage commun.<span id=\"more-128\"><\/span><\/p>\n<p style=\"text-align: center;\">En reprenant le propos de mon livre<em> Virginia Woolf, La hantise de l\u2019\u00e9criture<\/em> (\u00e0 para\u00eetre aux \u00e9ditions Indigo &amp; C\u00f4t\u00e9-femmes, avril 2010) qui propose un retour aux origines sensorielles et obs\u00e9dantes de l\u2019imaginaire woolfien, un retour aux gestes, visages, voix rec\u00e9l\u00e9s dans l\u2019\u00e9criture et \u00e0 sa\u00a0m\u00e9moire de l\u2019infantile, je m\u2019adresserai \u00e0 la question des femmes et de la folie en relevant dans le texte woolfien quelques zones troubles\u00a0: obsessions, dislocations, fractures, se nouant autour des figures archa\u00efques qui l\u2019habitent \u2013 la m\u00e8re, le jeune fr\u00e8re aim\u00e9 et perdu, la s\u0153ur.<\/p>\n<p style=\"text-align: center;\">Ma pr\u00e9sentation se r\u00e9f\u00e9rera tout particuli\u00e8rement aux extraits des textes suivants qui seront fournis\u00a0: \u2018A Sketch of the Past\u2019 in <em>Moments of Being, A Room of One\u2019s Own, To the Lighthouse, Mrs Dalloway, Jacob\u2019s Room, The Diaries, A Writer\u2019s Diary.<\/em><\/p>\n<p style=\"text-align: center;\">Si vous souhaitez assister \u00e0 ce s\u00e9minaire, merci d\u2019envoyer votre nom \u00e0 Anne-Marie Picard Drillien (apicard@aup.fr)<\/p>\n<\/div>\n<\/div>\n<\/div>\n<\/div>\n","protected":false},"excerpt":{"rendered":"<p>Le 26 mars 2010 de 10h40 \u00e0 12h (salle G29) \u00e0 l\u2019American University  \u2013 147 rue de Grenelle, 75007 Paris.<\/p>\n<p>\u00ab\u00a0Il y a un inconscient de l\u2019\u00e9criture car l\u2019artiste se confie \u00e0 sa cr\u00e9ation; son adresse intime, radicale, impronon\u00e7able est l\u00e0. Comme l\u2019\u0153uvre re\u00e7oit l\u2019empreinte de sa vie, s\u2019y inscrivent en filigrane \u2013 sonore, hallucinatoire \u2013 ses hantises et le lieu de leur trouble.\u00a0\u00bb <\/p>\n","protected":false},"author":1,"featured_media":0,"comment_status":"closed","ping_status":"open","sticky":false,"template":"","format":"standard","meta":{"footnotes":""},"categories":[35],"tags":[],"class_list":["post-128","post","type-post","status-publish","format-standard","hentry","category-evenements-woolf"],"blocksy_meta":[],"_links":{"self":[{"href":"https:\/\/etudes-woolfiennes.org\/index.php?rest_route=\/wp\/v2\/posts\/128","targetHints":{"allow":["GET"]}}],"collection":[{"href":"https:\/\/etudes-woolfiennes.org\/index.php?rest_route=\/wp\/v2\/posts"}],"about":[{"href":"https:\/\/etudes-woolfiennes.org\/index.php?rest_route=\/wp\/v2\/types\/post"}],"author":[{"embeddable":true,"href":"https:\/\/etudes-woolfiennes.org\/index.php?rest_route=\/wp\/v2\/users\/1"}],"replies":[{"embeddable":true,"href":"https:\/\/etudes-woolfiennes.org\/index.php?rest_route=%2Fwp%2Fv2%2Fcomments&post=128"}],"version-history":[{"count":13,"href":"https:\/\/etudes-woolfiennes.org\/index.php?rest_route=\/wp\/v2\/posts\/128\/revisions"}],"predecessor-version":[{"id":2280,"href":"https:\/\/etudes-woolfiennes.org\/index.php?rest_route=\/wp\/v2\/posts\/128\/revisions\/2280"}],"wp:attachment":[{"href":"https:\/\/etudes-woolfiennes.org\/index.php?rest_route=%2Fwp%2Fv2%2Fmedia&parent=128"}],"wp:term":[{"taxonomy":"category","embeddable":true,"href":"https:\/\/etudes-woolfiennes.org\/index.php?rest_route=%2Fwp%2Fv2%2Fcategories&post=128"},{"taxonomy":"post_tag","embeddable":true,"href":"https:\/\/etudes-woolfiennes.org\/index.php?rest_route=%2Fwp%2Fv2%2Ftags&post=128"}],"curies":[{"name":"wp","href":"https:\/\/api.w.org\/{rel}","templated":true}]}}