{"id":1555,"date":"2015-03-09T20:18:02","date_gmt":"2015-03-09T18:18:02","guid":{"rendered":"http:\/\/etudes-woolfiennes.org\/?p=1555"},"modified":"2017-12-28T13:49:41","modified_gmt":"2017-12-28T11:49:41","slug":"une-chambre-a-soi-nanterre-14-mars-2015","status":"publish","type":"post","link":"https:\/\/etudes-woolfiennes.org\/?p=1555","title":{"rendered":"Ar\u00e8nes de Nanterre \u2013 14 mars 2015"},"content":{"rendered":"<div class=\"entry-content\">\n<p style=\"text-align: center;\">Apr\u00e8s Gen\u00e8ve en novembre 2014 et une s\u00e9rie de repr\u00e9sentations au Th\u00e9\u00e2tre de Saint-Maur pr\u00e8s de Paris en janvier 2015,<\/p>\n<p style=\"text-align: center;\">le spectacle <strong>V.W. Une chambre \u00e0 soi, d\u2019apr\u00e8s Virginia Woolf <\/strong>poursuit sa route\u2026<\/p>\n<p><strong><a href=\"http:\/\/etudes-woolfiennes.org\/wp-content\/uploads\/2015\/03\/V.W.-Chambre-a\u0300-soi-Nanterre.jpg\"><img loading=\"lazy\" decoding=\"async\" class=\" wp-image-2529 alignleft\" src=\"http:\/\/etudes-woolfiennes.org\/wp-content\/uploads\/2015\/03\/V.W.-Chambre-a\u0300-soi-Nanterre.jpg\" alt=\"\" width=\"209\" height=\"300\" srcset=\"https:\/\/etudes-woolfiennes.org\/wp-content\/uploads\/2015\/03\/V.W.-Chambre-a\u0300-soi-Nanterre.jpg 986w, https:\/\/etudes-woolfiennes.org\/wp-content\/uploads\/2015\/03\/V.W.-Chambre-a\u0300-soi-Nanterre-209x300.jpg 209w, https:\/\/etudes-woolfiennes.org\/wp-content\/uploads\/2015\/03\/V.W.-Chambre-a\u0300-soi-Nanterre-768x1100.jpg 768w, https:\/\/etudes-woolfiennes.org\/wp-content\/uploads\/2015\/03\/V.W.-Chambre-a\u0300-soi-Nanterre-715x1024.jpg 715w, https:\/\/etudes-woolfiennes.org\/wp-content\/uploads\/2015\/03\/V.W.-Chambre-a\u0300-soi-Nanterre-720x1031.jpg 720w, https:\/\/etudes-woolfiennes.org\/wp-content\/uploads\/2015\/03\/V.W.-Chambre-a\u0300-soi-Nanterre-560x802.jpg 560w\" sizes=\"auto, (max-width: 209px) 100vw, 209px\" \/><\/a>Il sera pr\u00e9sent\u00e9 dans le cadre du Printemps de l\u2019Egalit\u00e9 organis\u00e9 par la ville de Nanterre.<\/strong><\/p>\n<p><strong>Samedi 14 mars 2015 \u00e0 18 h<\/strong><\/p>\n<p>Ar\u00e8nes de Nanterre<br \/>\n220 avenue de la R\u00e9publique<br \/>\n92000 Nanterre<br \/>\nRER A : Nanterre Universit\u00e9<br \/>\nBus 167, 304, 367, arr\u00eat Universit\u00e9 Paris 10<\/p>\n<p>Traduction, adaptation, mise en sc\u00e8ne\u00a0 Marie-Paule Ramo<br \/>\nCo-adaptation, interpr\u00e9tation\u00a0 Nathalie Prokhoris<\/p>\n<p><strong>Entr\u00e9e libre mais r\u00e9servation indispensable au 01 47 29 49 78 ou 01 47 29 52 65<\/strong><\/p>\n<\/div>\n","protected":false},"excerpt":{"rendered":"<p>Le spectacle \u00ab\u00a0V.W. Une chambre \u00e0 soi\u00a0\u00bb, d\u2019apr\u00e8s Virginia Woolf poursuit sa route\u2026<\/p>\n","protected":false},"author":1,"featured_media":0,"comment_status":"closed","ping_status":"open","sticky":false,"template":"","format":"standard","meta":{"footnotes":""},"categories":[41],"tags":[],"class_list":["post-1555","post","type-post","status-publish","format-standard","hentry","category-woolf-autrement"],"blocksy_meta":[],"_links":{"self":[{"href":"https:\/\/etudes-woolfiennes.org\/index.php?rest_route=\/wp\/v2\/posts\/1555","targetHints":{"allow":["GET"]}}],"collection":[{"href":"https:\/\/etudes-woolfiennes.org\/index.php?rest_route=\/wp\/v2\/posts"}],"about":[{"href":"https:\/\/etudes-woolfiennes.org\/index.php?rest_route=\/wp\/v2\/types\/post"}],"author":[{"embeddable":true,"href":"https:\/\/etudes-woolfiennes.org\/index.php?rest_route=\/wp\/v2\/users\/1"}],"replies":[{"embeddable":true,"href":"https:\/\/etudes-woolfiennes.org\/index.php?rest_route=%2Fwp%2Fv2%2Fcomments&post=1555"}],"version-history":[{"count":8,"href":"https:\/\/etudes-woolfiennes.org\/index.php?rest_route=\/wp\/v2\/posts\/1555\/revisions"}],"predecessor-version":[{"id":2531,"href":"https:\/\/etudes-woolfiennes.org\/index.php?rest_route=\/wp\/v2\/posts\/1555\/revisions\/2531"}],"wp:attachment":[{"href":"https:\/\/etudes-woolfiennes.org\/index.php?rest_route=%2Fwp%2Fv2%2Fmedia&parent=1555"}],"wp:term":[{"taxonomy":"category","embeddable":true,"href":"https:\/\/etudes-woolfiennes.org\/index.php?rest_route=%2Fwp%2Fv2%2Fcategories&post=1555"},{"taxonomy":"post_tag","embeddable":true,"href":"https:\/\/etudes-woolfiennes.org\/index.php?rest_route=%2Fwp%2Fv2%2Ftags&post=1555"}],"curies":[{"name":"wp","href":"https:\/\/api.w.org\/{rel}","templated":true}]}}