{"id":1824,"date":"2016-12-05T00:09:42","date_gmt":"2016-12-04T22:09:42","guid":{"rendered":"http:\/\/etudes-woolfiennes.org\/?p=1824"},"modified":"2017-12-29T15:53:25","modified_gmt":"2017-12-29T13:53:25","slug":"des-nouvelles-ditalie-un-festival-litteraire-et-un-faire-part-de-naissance","status":"publish","type":"post","link":"https:\/\/etudes-woolfiennes.org\/?p=1824","title":{"rendered":"Des nouvelles d\u2019Italie"},"content":{"rendered":"<div class=\"entry-content\">\n<p style=\"text-align: center;\">Elisa Bolchi nous annonce la tenue d\u2019un <strong>festival litt\u00e9raire \u2018Il Faro in una stanza\u2019 <\/strong>(\u2018Le phare dans une chambre\u2019) <strong>\u00e0 Monza, pr\u00e8s de Milan du 25 au 27 novembre 2016.<\/strong><\/p>\n<p style=\"text-align: center;\">D\u00e9tails ici : <a href=\"https:\/\/href.li\/?http:\/\/www.labalenabianca.com\/2016\/10\/30\/il-faro-in-una-stanza-virginia-woolf-a-monza\/\" target=\"_blank\" rel=\"noopener noreferrer\"><u>http:\/\/www.labalenabianca.com\/2016\/10\/30\/il-faro-in-una-stanza-virginia-woolf-a-monza\/<\/u><\/a><\/p>\n<p style=\"text-align: center;\"><a href=\"http:\/\/etudes-woolfiennes.org\/wp-content\/uploads\/2016\/12\/Screen-Shot-2016-12-04-at-11.02.28-PM.png\"><img loading=\"lazy\" decoding=\"async\" class=\"alignnone wp-image-1828\" src=\"http:\/\/etudes-woolfiennes.org\/wp-content\/uploads\/2016\/12\/Screen-Shot-2016-12-04-at-11.02.28-PM.png\" alt=\"\" width=\"300\" height=\"244\" srcset=\"https:\/\/etudes-woolfiennes.org\/wp-content\/uploads\/2016\/12\/Screen-Shot-2016-12-04-at-11.02.28-PM.png 716w, https:\/\/etudes-woolfiennes.org\/wp-content\/uploads\/2016\/12\/Screen-Shot-2016-12-04-at-11.02.28-PM-300x243.png 300w\" sizes=\"auto, (max-width: 300px) 100vw, 300px\" \/><\/a><\/p>\n<p style=\"text-align: center;\">Par ailleurs, une<strong> <a href=\"https:\/\/href.li\/?http:\/\/itvws.it\/\" target=\"_blank\" rel=\"noopener noreferrer\"><u>Soci\u00e9t\u00e9 italienne d\u2019\u00e9tudes woolfiennes<\/u><\/a> <\/strong>vient d\u2019\u00eatre cr\u00e9\u00e9e par Elisa Bolchi (Catholic University of Milan), Nadia Fusini (Italian Institute of Human Sciences, Florence, <em>Scuola Normale Superiore,<\/em> Pisa) et Liliana Rampello (Universit\u00e9 de Bologne).<\/p>\n<p style=\"text-align: center;\">Esp\u00e9rons que cette initiative pourra donner lieu \u00e0 des collaborations futures !<\/p>\n<\/div>\n","protected":false},"excerpt":{"rendered":"<p>Un festival litt\u00e9raire et un faire-part de naissance !<\/p>\n","protected":false},"author":1,"featured_media":0,"comment_status":"closed","ping_status":"open","sticky":false,"template":"","format":"standard","meta":{"footnotes":""},"categories":[35],"tags":[],"class_list":["post-1824","post","type-post","status-publish","format-standard","hentry","category-evenements-woolf"],"blocksy_meta":[],"_links":{"self":[{"href":"https:\/\/etudes-woolfiennes.org\/index.php?rest_route=\/wp\/v2\/posts\/1824","targetHints":{"allow":["GET"]}}],"collection":[{"href":"https:\/\/etudes-woolfiennes.org\/index.php?rest_route=\/wp\/v2\/posts"}],"about":[{"href":"https:\/\/etudes-woolfiennes.org\/index.php?rest_route=\/wp\/v2\/types\/post"}],"author":[{"embeddable":true,"href":"https:\/\/etudes-woolfiennes.org\/index.php?rest_route=\/wp\/v2\/users\/1"}],"replies":[{"embeddable":true,"href":"https:\/\/etudes-woolfiennes.org\/index.php?rest_route=%2Fwp%2Fv2%2Fcomments&post=1824"}],"version-history":[{"count":6,"href":"https:\/\/etudes-woolfiennes.org\/index.php?rest_route=\/wp\/v2\/posts\/1824\/revisions"}],"predecessor-version":[{"id":2610,"href":"https:\/\/etudes-woolfiennes.org\/index.php?rest_route=\/wp\/v2\/posts\/1824\/revisions\/2610"}],"wp:attachment":[{"href":"https:\/\/etudes-woolfiennes.org\/index.php?rest_route=%2Fwp%2Fv2%2Fmedia&parent=1824"}],"wp:term":[{"taxonomy":"category","embeddable":true,"href":"https:\/\/etudes-woolfiennes.org\/index.php?rest_route=%2Fwp%2Fv2%2Fcategories&post=1824"},{"taxonomy":"post_tag","embeddable":true,"href":"https:\/\/etudes-woolfiennes.org\/index.php?rest_route=%2Fwp%2Fv2%2Ftags&post=1824"}],"curies":[{"name":"wp","href":"https:\/\/api.w.org\/{rel}","templated":true}]}}