{"id":3362,"date":"2021-01-17T11:29:42","date_gmt":"2021-01-17T09:29:42","guid":{"rendered":"http:\/\/etudes-woolfiennes.org\/?p=3362"},"modified":"2021-01-17T11:29:42","modified_gmt":"2021-01-17T09:29:42","slug":"camille-neron-anne-hebert-et-virginia-woolf","status":"publish","type":"post","link":"https:\/\/etudes-woolfiennes.org\/?p=3362","title":{"rendered":"Camille N\u00e9ron \u2014 Anne H\u00e9bert et Virginia Woolf"},"content":{"rendered":"<p style=\"text-align: center;\">Nous vous signalons la pr\u00e9sence dans l&rsquo;ouvrage <em><a href=\"https:\/\/pum.umontreal.ca\/catalogue\/le-centenaire-danne-hebert\" target=\"_blank\" rel=\"noopener\"><u>Le centenaire d&rsquo;Anne H\u00e9bert<\/u><\/a> <\/em>(Presses de l&rsquo;Universit\u00e9 de Montr\u00e9al, 2018) d&rsquo;un chapitre de <a href=\"http:\/\/etudes-woolfiennes.org\/?page_id=3359\" target=\"_blank\" rel=\"noopener\"><u>Camille N\u00e9ron<\/u><\/a>, \u00ab\u00a0Perceval, par-del\u00e0 le silence et les cris\u00a0\u00bb, qui cherche \u00e0 mettre en relation l\u2019\u0153uvre de H\u00e9bert avec celle de Woolf.<\/p>\n","protected":false},"excerpt":{"rendered":"<p>Nous vous signalons la pr\u00e9sence dans l&rsquo;ouvrage Le centenaire d&rsquo;Anne H\u00e9bert (Presses de l&rsquo;Universit\u00e9 de Montr\u00e9al, 2018) d&rsquo;un chapitre de Camille N\u00e9ron, \u00ab\u00a0Perceval, par-del\u00e0 le silence et les cris\u00a0\u00bb, qui cherche \u00e0 mettre en relation l\u2019\u0153uvre de H\u00e9bert avec celle de Woolf.<\/p>\n","protected":false},"author":2,"featured_media":0,"comment_status":"closed","ping_status":"open","sticky":false,"template":"","format":"standard","meta":{"footnotes":""},"categories":[40],"tags":[],"class_list":["post-3362","post","type-post","status-publish","format-standard","hentry","category-publications"],"blocksy_meta":[],"_links":{"self":[{"href":"https:\/\/etudes-woolfiennes.org\/index.php?rest_route=\/wp\/v2\/posts\/3362","targetHints":{"allow":["GET"]}}],"collection":[{"href":"https:\/\/etudes-woolfiennes.org\/index.php?rest_route=\/wp\/v2\/posts"}],"about":[{"href":"https:\/\/etudes-woolfiennes.org\/index.php?rest_route=\/wp\/v2\/types\/post"}],"author":[{"embeddable":true,"href":"https:\/\/etudes-woolfiennes.org\/index.php?rest_route=\/wp\/v2\/users\/2"}],"replies":[{"embeddable":true,"href":"https:\/\/etudes-woolfiennes.org\/index.php?rest_route=%2Fwp%2Fv2%2Fcomments&post=3362"}],"version-history":[{"count":1,"href":"https:\/\/etudes-woolfiennes.org\/index.php?rest_route=\/wp\/v2\/posts\/3362\/revisions"}],"predecessor-version":[{"id":3364,"href":"https:\/\/etudes-woolfiennes.org\/index.php?rest_route=\/wp\/v2\/posts\/3362\/revisions\/3364"}],"wp:attachment":[{"href":"https:\/\/etudes-woolfiennes.org\/index.php?rest_route=%2Fwp%2Fv2%2Fmedia&parent=3362"}],"wp:term":[{"taxonomy":"category","embeddable":true,"href":"https:\/\/etudes-woolfiennes.org\/index.php?rest_route=%2Fwp%2Fv2%2Fcategories&post=3362"},{"taxonomy":"post_tag","embeddable":true,"href":"https:\/\/etudes-woolfiennes.org\/index.php?rest_route=%2Fwp%2Fv2%2Ftags&post=3362"}],"curies":[{"name":"wp","href":"https:\/\/api.w.org\/{rel}","templated":true}]}}