{"id":3827,"date":"2023-03-05T21:01:02","date_gmt":"2023-03-05T19:01:02","guid":{"rendered":"https:\/\/etudes-woolfiennes.org\/?p=3827"},"modified":"2024-04-23T10:26:49","modified_gmt":"2024-04-23T08:26:49","slug":"newsletter-n6","status":"publish","type":"post","link":"https:\/\/etudes-woolfiennes.org\/?p=3827","title":{"rendered":"Newsletter n\u00b06"},"content":{"rendered":"\n<figure class=\"wp-block-image size-large\"><img loading=\"lazy\" decoding=\"async\" width=\"1024\" height=\"113\" src=\"https:\/\/etudes-woolfiennes.org\/wp-content\/uploads\/2022\/07\/E\u0301dito-1-1024x113.png\" alt=\"\" class=\"wp-image-3691\" srcset=\"https:\/\/etudes-woolfiennes.org\/wp-content\/uploads\/2022\/07\/E\u0301dito-1-1024x113.png 1024w, https:\/\/etudes-woolfiennes.org\/wp-content\/uploads\/2022\/07\/E\u0301dito-1-300x33.png 300w, https:\/\/etudes-woolfiennes.org\/wp-content\/uploads\/2022\/07\/E\u0301dito-1-768x84.png 768w, https:\/\/etudes-woolfiennes.org\/wp-content\/uploads\/2022\/07\/E\u0301dito-1-1536x169.png 1536w, https:\/\/etudes-woolfiennes.org\/wp-content\/uploads\/2022\/07\/E\u0301dito-1-720x79.png 720w, https:\/\/etudes-woolfiennes.org\/wp-content\/uploads\/2022\/07\/E\u0301dito-1-560x62.png 560w, https:\/\/etudes-woolfiennes.org\/wp-content\/uploads\/2022\/07\/E\u0301dito-1.png 2000w\" sizes=\"auto, (max-width: 1024px) 100vw, 1024px\" \/><\/figure>\n\n\n\n<p>Che\u00b7res ami\u00b7es woolfien\u00b7nes,<\/p>\n\n\n\n<p>Alors que Granta annonce la republication des journaux woolfiens (voir les pages 26-27 de leur <a href=\"https:\/\/www.google.fr\/?client=safari\" target=\"_blank\" rel=\"noreferrer noopener\"><u>catalogue<\/u><\/a>), fleurissent les nouvelles artistiques comme \u00e9ditoriales.<\/p>\n\n\n\n<p>Les chambres woolfiennes se font chaque fois plus populeuses&nbsp;: elles mutent, se transforment, s\u2019amplifient.<\/p>\n\n\n\n<p>Je vous laisse d\u00e9couvrir ce que le printemps nous r\u00e9serve&nbsp;!<\/p>\n\n\n\n<p class=\"has-text-align-right\">Ad\u00e8le<\/p>\n\n\n\n<figure class=\"wp-block-image aligncenter size-full\"><a href=\"https:\/\/etudes-woolfiennes.org\/wp-content\/uploads\/2023\/03\/Newsletter-n\u00b06-BD.png\"><img loading=\"lazy\" decoding=\"async\" width=\"945\" height=\"524\" src=\"https:\/\/etudes-woolfiennes.org\/wp-content\/uploads\/2023\/03\/Newsletter-n\u00b06-BD.png\" alt=\"\" class=\"wp-image-3829\" srcset=\"https:\/\/etudes-woolfiennes.org\/wp-content\/uploads\/2023\/03\/Newsletter-n\u00b06-BD.png 945w, https:\/\/etudes-woolfiennes.org\/wp-content\/uploads\/2023\/03\/Newsletter-n\u00b06-BD-300x166.png 300w, https:\/\/etudes-woolfiennes.org\/wp-content\/uploads\/2023\/03\/Newsletter-n\u00b06-BD-768x426.png 768w, https:\/\/etudes-woolfiennes.org\/wp-content\/uploads\/2023\/03\/Newsletter-n\u00b06-BD-720x399.png 720w, https:\/\/etudes-woolfiennes.org\/wp-content\/uploads\/2023\/03\/Newsletter-n\u00b06-BD-560x311.png 560w\" sizes=\"auto, (max-width: 945px) 100vw, 945px\" \/><\/a><\/figure>\n\n\n\n<p><em>N\u2019h\u00e9sitez pas \u00e0 relayer et partager cette publication et, surtout, n\u2019oubliez pas de nous faire part de vos d\u00e9couvertes, parutions ou activit\u00e9s !<\/em><\/p>\n\n\n\n<figure class=\"wp-block-image size-large\"><img loading=\"lazy\" decoding=\"async\" width=\"1024\" height=\"113\" src=\"https:\/\/etudes-woolfiennes.org\/wp-content\/uploads\/2022\/07\/Les-nouvelles-1024x113.png\" alt=\"\" class=\"wp-image-3668\" srcset=\"https:\/\/etudes-woolfiennes.org\/wp-content\/uploads\/2022\/07\/Les-nouvelles-1024x113.png 1024w, https:\/\/etudes-woolfiennes.org\/wp-content\/uploads\/2022\/07\/Les-nouvelles-300x33.png 300w, https:\/\/etudes-woolfiennes.org\/wp-content\/uploads\/2022\/07\/Les-nouvelles-768x84.png 768w, https:\/\/etudes-woolfiennes.org\/wp-content\/uploads\/2022\/07\/Les-nouvelles-1536x169.png 1536w, https:\/\/etudes-woolfiennes.org\/wp-content\/uploads\/2022\/07\/Les-nouvelles-720x79.png 720w, https:\/\/etudes-woolfiennes.org\/wp-content\/uploads\/2022\/07\/Les-nouvelles-560x62.png 560w, https:\/\/etudes-woolfiennes.org\/wp-content\/uploads\/2022\/07\/Les-nouvelles.png 2000w\" sizes=\"auto, (max-width: 1024px) 100vw, 1024px\" \/><\/figure>\n\n\n\n<div style=\"height:15px\" aria-hidden=\"true\" class=\"wp-block-spacer\"><\/div>\n\n\n\n<h3 class=\"wp-block-heading has-text-align-center\">Exposer, fantasmer, danser Woolf<\/h3>\n\n\n\n<div style=\"height:15px\" aria-hidden=\"true\" class=\"wp-block-spacer\"><\/div>\n\n\n\n<p>L\u2019\u00e9crivaine Laura Ulonati publie <a href=\"https:\/\/www.actes-sud.fr\/catalogue\/litterature\/double-v\" target=\"_blank\" rel=\"noreferrer noopener\"><em><u>Double V<\/u><\/em><\/a> aux \u00e9ditions Actes Sud, qui revisite la relation entre Vanessa et Virginia \u00e0 l\u2019aune de sa propre exp\u00e9rience sororale.<\/p>\n\n\n\n<p>L\u2019artiste norv\u00e9gienne Ane Thon Knutsen expose <a href=\"https:\/\/library.fgcu.edu\/exhibits\" target=\"_blank\" rel=\"noreferrer noopener\"><em><u>Printed Works: Adaptations of Virginia Woolf<\/u><\/em><\/a> \u00e0 la Florida Gulf Coast University.<\/p>\n\n\n\n<p>La danseuse Alessandra Ferri reprend son r\u00f4le-titre dans <a href=\"https:\/\/www.theguardian.com\/stage\/2023\/mar\/02\/woolf-works-review-royal-opera-house-london-alessandra-ferri\" target=\"_blank\" rel=\"noreferrer noopener\"><em><u>Woolf Works<\/u><\/em><\/a>, en ce moment \u00e0 la Royal Opera House de Londres.<\/p>\n\n\n\n<div style=\"height:15px\" aria-hidden=\"true\" class=\"wp-block-spacer\"><\/div>\n\n\n\n<h3 class=\"wp-block-heading has-text-align-center\">Relire encore, augmenter<\/h3>\n\n\n\n<div style=\"height:15px\" aria-hidden=\"true\" class=\"wp-block-spacer\"><\/div>\n\n\n\n<p>Conversation avec la po\u00e9tesse <a href=\"https:\/\/thelinknewspaper.ca\/article\/sina-queyras-talks-virginia-woolf-and-occupying-creative-spaces\" target=\"_blank\" rel=\"noreferrer noopener\"><u>Sina Queyras<\/u><\/a> sur son rapport \u00e0 Woolf et les espaces de cr\u00e9ation litt\u00e9raire.<\/p>\n\n\n\n<p>Le philosophe Paul B. Preciado a pr\u00e9sent\u00e9 son autobiographie polyphonique, <a href=\"https:\/\/www.screendaily.com\/news\/the-party-boards-berlinale-title-orlando-my-political-biography-unveils-trailer-exclusive\/5178737.article\" target=\"_blank\" rel=\"noreferrer noopener\"><em><u>Orlando My Political Biography<\/u><\/em><\/a>, \u00e0 la Berlinale. Ici, en <a href=\"https:\/\/cineuropa.org\/en\/interview\/439040\" target=\"_blank\" rel=\"noreferrer noopener\"><u>interview<\/u><\/a>.<\/p>\n\n\n\n<div style=\"height:15px\" aria-hidden=\"true\" class=\"wp-block-spacer\"><\/div>\n\n\n\n<h3 class=\"wp-block-heading has-text-align-center\">Bloomsburiser<\/h3>\n\n\n\n<div style=\"height:15px\" aria-hidden=\"true\" class=\"wp-block-spacer\"><\/div>\n\n\n\n<p>D\u00e9couverte de la collection de c\u00e9ramiques sign\u00e9es <a href=\"https:\/\/www.artsandcollections.com\/quentin-bell-ceramics-link-to-bloomsbury-group\/\" target=\"_blank\" rel=\"noreferrer noopener\"><u>Quentin Bell<\/u><\/a>.<\/p>\n\n\n\n<p>Le <em><a href=\"https:\/\/www.nytimes.com\/2023\/02\/27\/t-magazine\/bloomsbury-group-fashion.html\" target=\"_blank\" rel=\"noreferrer noopener\"><u>New York Times<\/u><\/a> <\/em>s\u2019interroge sur l\u2019int\u00e9r\u00eat d\u00e9multipli\u00e9 du monde de la mode pour Bloomsbury.<\/p>\n\n\n\n<div style=\"height:30px\" aria-hidden=\"true\" class=\"wp-block-spacer\"><\/div>\n\n\n\n<figure class=\"wp-block-image size-large\"><img loading=\"lazy\" decoding=\"async\" width=\"1024\" height=\"113\" src=\"https:\/\/etudes-woolfiennes.org\/wp-content\/uploads\/2022\/07\/Viennent-de-parai\u0302tre-2-1-1024x113.png\" alt=\"\" class=\"wp-image-3704\" srcset=\"https:\/\/etudes-woolfiennes.org\/wp-content\/uploads\/2022\/07\/Viennent-de-parai\u0302tre-2-1-1024x113.png 1024w, https:\/\/etudes-woolfiennes.org\/wp-content\/uploads\/2022\/07\/Viennent-de-parai\u0302tre-2-1-300x33.png 300w, https:\/\/etudes-woolfiennes.org\/wp-content\/uploads\/2022\/07\/Viennent-de-parai\u0302tre-2-1-768x84.png 768w, https:\/\/etudes-woolfiennes.org\/wp-content\/uploads\/2022\/07\/Viennent-de-parai\u0302tre-2-1-1536x169.png 1536w, https:\/\/etudes-woolfiennes.org\/wp-content\/uploads\/2022\/07\/Viennent-de-parai\u0302tre-2-1-720x79.png 720w, https:\/\/etudes-woolfiennes.org\/wp-content\/uploads\/2022\/07\/Viennent-de-parai\u0302tre-2-1-560x62.png 560w, https:\/\/etudes-woolfiennes.org\/wp-content\/uploads\/2022\/07\/Viennent-de-parai\u0302tre-2-1.png 2000w\" sizes=\"auto, (max-width: 1024px) 100vw, 1024px\" \/><\/figure>\n\n\n\n<div style=\"height:15px\" aria-hidden=\"true\" class=\"wp-block-spacer\"><\/div>\n\n\n\n<div style=\"height:15px\" aria-hidden=\"true\" class=\"wp-block-spacer\"><\/div>\n\n\n\n<p>Sara De Simone, <a href=\"https:\/\/neripozza.it\/libri\/nessuna-come-lei-katherine-mansfield-e-virginia-woolf-storia-di-unamicizia\" target=\"_blank\" rel=\"noreferrer noopener\"><em><u>Nessuna Come Lei. Katherine Mansfield e Virginia Woolf. Storia di un\u2019 amicizia<\/u><\/em><\/a>, Neri Pozza, 2022<\/p>\n\n\n\n<p>Anne Reus, <a href=\"https:\/\/edinburghuniversitypress.com\/book-virginia-woolf-and-nineteenth-century-women-writers.html\" target=\"_blank\" rel=\"noreferrer noopener\"><em><u>Virginia Woolf and Nineteeth-Century Women Writers. Victorian Legacies and Literary Afterlives<\/u><\/em><\/a>, EUP, 2022<\/p>\n\n\n\n<p>Beth Rigel Daugherty, <a href=\"https:\/\/edinburghuniversitypress.com\/book-virginia-woolf-s-apprenticeship.html\" target=\"_blank\" rel=\"noreferrer noopener\"><em><u>Virginia Woolf\u2019s Apprenticeship. Becoming an Essayist<\/u><\/em><\/a>, EUP, 2022<\/p>\n\n\n\n<div style=\"height:30px\" aria-hidden=\"true\" class=\"wp-block-spacer\"><\/div>\n\n\n\n<hr class=\"wp-block-separator has-alpha-channel-opacity is-style-dots\"\/>\n\n\n\n<div style=\"height:30px\" aria-hidden=\"true\" class=\"wp-block-spacer\"><\/div>\n\n\n\n<h3 class=\"wp-block-heading has-text-align-center\">Cotisations<\/h3>\n\n\n\n<p>Pour rappel, la Soci\u00e9t\u00e9 des \u00c9tudes Woolfiennes ne peut fonctionner sans votre aide&nbsp;: manifestations et publications n\u2019existent que par vos contributions (25\u20ac\/15\u20ac). <a rel=\"noreferrer noopener\" href=\"https:\/\/etudes-woolfiennes.org\/?page_id=47\" target=\"_blank\"><u>Contactez la tr\u00e9sori\u00e8re pour en savoir davantage<\/u><\/a> ou renouveler votre cotisation.<\/p>\n","protected":false},"excerpt":{"rendered":"<p>Che\u00b7res ami\u00b7es woolfien\u00b7nes, Alors que Granta annonce la republication des journaux woolfiens (voir les pages 26-27 de leur catalogue), fleurissent les nouvelles artistiques comme \u00e9ditoriales. Les chambres woolfiennes se font chaque fois plus populeuses&nbsp;: elles mutent, se transforment, s\u2019amplifient. Je vous laisse d\u00e9couvrir ce que le printemps nous r\u00e9serve&nbsp;! Ad\u00e8le N\u2019h\u00e9sitez pas \u00e0 relayer et [&hellip;]<\/p>\n","protected":false},"author":2,"featured_media":3832,"comment_status":"closed","ping_status":"open","sticky":false,"template":"","format":"standard","meta":{"footnotes":""},"categories":[48],"tags":[],"class_list":["post-3827","post","type-post","status-publish","format-standard","has-post-thumbnail","hentry","category-newsletter"],"blocksy_meta":[],"_links":{"self":[{"href":"https:\/\/etudes-woolfiennes.org\/index.php?rest_route=\/wp\/v2\/posts\/3827","targetHints":{"allow":["GET"]}}],"collection":[{"href":"https:\/\/etudes-woolfiennes.org\/index.php?rest_route=\/wp\/v2\/posts"}],"about":[{"href":"https:\/\/etudes-woolfiennes.org\/index.php?rest_route=\/wp\/v2\/types\/post"}],"author":[{"embeddable":true,"href":"https:\/\/etudes-woolfiennes.org\/index.php?rest_route=\/wp\/v2\/users\/2"}],"replies":[{"embeddable":true,"href":"https:\/\/etudes-woolfiennes.org\/index.php?rest_route=%2Fwp%2Fv2%2Fcomments&post=3827"}],"version-history":[{"count":7,"href":"https:\/\/etudes-woolfiennes.org\/index.php?rest_route=\/wp\/v2\/posts\/3827\/revisions"}],"predecessor-version":[{"id":4166,"href":"https:\/\/etudes-woolfiennes.org\/index.php?rest_route=\/wp\/v2\/posts\/3827\/revisions\/4166"}],"wp:featuredmedia":[{"embeddable":true,"href":"https:\/\/etudes-woolfiennes.org\/index.php?rest_route=\/wp\/v2\/media\/3832"}],"wp:attachment":[{"href":"https:\/\/etudes-woolfiennes.org\/index.php?rest_route=%2Fwp%2Fv2%2Fmedia&parent=3827"}],"wp:term":[{"taxonomy":"category","embeddable":true,"href":"https:\/\/etudes-woolfiennes.org\/index.php?rest_route=%2Fwp%2Fv2%2Fcategories&post=3827"},{"taxonomy":"post_tag","embeddable":true,"href":"https:\/\/etudes-woolfiennes.org\/index.php?rest_route=%2Fwp%2Fv2%2Ftags&post=3827"}],"curies":[{"name":"wp","href":"https:\/\/api.w.org\/{rel}","templated":true}]}}