{"id":3931,"date":"2023-12-10T13:41:29","date_gmt":"2023-12-10T11:41:29","guid":{"rendered":"http:\/\/etudes-woolfiennes.org\/?p=3931"},"modified":"2024-04-23T10:27:40","modified_gmt":"2024-04-23T08:27:40","slug":"newsletter-n7","status":"publish","type":"post","link":"https:\/\/etudes-woolfiennes.org\/?p=3931","title":{"rendered":"Newsletter n\u00b07"},"content":{"rendered":"\n<figure class=\"wp-block-image size-large\"><img loading=\"lazy\" decoding=\"async\" width=\"1024\" height=\"113\" src=\"https:\/\/etudes-woolfiennes.org\/wp-content\/uploads\/2022\/07\/E\u0301dito-1-1024x113.png\" alt=\"\" class=\"wp-image-3691\" srcset=\"https:\/\/etudes-woolfiennes.org\/wp-content\/uploads\/2022\/07\/E\u0301dito-1-1024x113.png 1024w, https:\/\/etudes-woolfiennes.org\/wp-content\/uploads\/2022\/07\/E\u0301dito-1-300x33.png 300w, https:\/\/etudes-woolfiennes.org\/wp-content\/uploads\/2022\/07\/E\u0301dito-1-768x84.png 768w, https:\/\/etudes-woolfiennes.org\/wp-content\/uploads\/2022\/07\/E\u0301dito-1-1536x169.png 1536w, https:\/\/etudes-woolfiennes.org\/wp-content\/uploads\/2022\/07\/E\u0301dito-1-720x79.png 720w, https:\/\/etudes-woolfiennes.org\/wp-content\/uploads\/2022\/07\/E\u0301dito-1-560x62.png 560w, https:\/\/etudes-woolfiennes.org\/wp-content\/uploads\/2022\/07\/E\u0301dito-1.png 2000w\" sizes=\"auto, (max-width: 1024px) 100vw, 1024px\" \/><\/figure>\n\n\n\n<p><em>Che-res ami-es woolfien-nes,<\/em><\/p>\n\n\n\n<p><em>Ces derniers temps, <\/em><em>je pense aux mots de Virginia Woolf, not\u00e9s dans son journal le 18 janvier 1915, alors que la 1\u00e8re guerre mondiale s&#8217;emballait&nbsp;: \u00ab&nbsp;The future is dark, which is the best thing the future can be, I think.&nbsp;\u00bb Et je pense \u00e0 ce que Rebecca Solnit dit de cette citation et de l&rsquo;espoir qu&rsquo;elle porte dans&nbsp;<\/em>Men Explain Things to Me<em>&nbsp;: \u00ab&nbsp;I argue that you don&rsquo;t know if your actions are futile; that you don&rsquo;t have the memory of the future; that the future is indeed dark, which is the best thing it could be; and that, in the end, we always act in the dark.&nbsp;\u00bb<\/em><\/p>\n\n\n\n<p><em>Ces derniers temps, je retourne aux images paisibles peintes par <a href=\"https:\/\/www.artkabe.com\" target=\"_blank\" rel=\"noreferrer noopener\"><u>Kabe Wilson<\/u><\/a> qui font saillir ce qui perdure et convoquent ce que l\u2019on ne voit pas, au large, les t\u00e2ches vineuses de canots renvers\u00e9s et des gouffres amn\u00e9siques. Dans son journal, publi\u00e9 dans <\/em><a rel=\"noreferrer noopener\" href=\"https:\/\/modernistreviewcouk.wordpress.com\/2020\/11\/09\/on-being-still\/#ftn1\" target=\"_blank\"><u>The Modernist Review<\/u><\/a><em>, Wilson d\u00e9taille ses affiliations, ses craintes et ce qui maintient vivant&nbsp;:<\/em><\/p>\n\n\n\n<div class=\"wp-block-columns is-layout-flex wp-container-core-columns-is-layout-28f84493 wp-block-columns-is-layout-flex\">\n<div class=\"wp-block-column is-layout-flow wp-block-column-is-layout-flow\" style=\"flex-basis:50%\">\n<p><\/p>\n<\/div>\n\n\n\n<div class=\"wp-block-column is-layout-flow wp-block-column-is-layout-flow\" style=\"flex-basis:1250%\">\n<p><em>March 9th. Started painting. Will call it \u2018Newhaven Lighthouse\u2019 to link with Bell\u2019s, and one I saw titled after Rottingdean Windmill even though it\u2019s just a tiny figure on the horizon \u2013 excited to channel that.&nbsp;Feeling uncomfortable making the Channel look still and beautiful. Mind wanders to migrant ships crossing further down, people drowning, or arriving and getting imprisoned. Indefinitely. Remembering a friend\u2019s colleague saying the Eurostar should be sent through the tunnel to mow down the migrants to stop them coming. Trying not to think about that, I\u2019m painting to stay positive.<\/em><\/p>\n<\/div>\n<\/div>\n\n\n\n<figure class=\"wp-block-image aligncenter size-full is-resized\"><a href=\"https:\/\/etudes-woolfiennes.org\/wp-content\/uploads\/2023\/12\/Newhaven-Lighthouse.png\"><img loading=\"lazy\" decoding=\"async\" width=\"938\" height=\"669\" src=\"http:\/\/etudes-woolfiennes.org\/wp-content\/uploads\/2023\/12\/Newhaven-Lighthouse.png\" alt=\"\" class=\"wp-image-3933\" style=\"width:743px;height:530px\" srcset=\"https:\/\/etudes-woolfiennes.org\/wp-content\/uploads\/2023\/12\/Newhaven-Lighthouse.png 938w, https:\/\/etudes-woolfiennes.org\/wp-content\/uploads\/2023\/12\/Newhaven-Lighthouse-300x214.png 300w, https:\/\/etudes-woolfiennes.org\/wp-content\/uploads\/2023\/12\/Newhaven-Lighthouse-768x548.png 768w, https:\/\/etudes-woolfiennes.org\/wp-content\/uploads\/2023\/12\/Newhaven-Lighthouse-720x514.png 720w, https:\/\/etudes-woolfiennes.org\/wp-content\/uploads\/2023\/12\/Newhaven-Lighthouse-560x399.png 560w\" sizes=\"auto, (max-width: 938px) 100vw, 938px\" \/><\/a><\/figure>\n\n\n\n<p class=\"has-text-align-center\" style=\"font-size:12px\">Kabe Wilson, <em>Newhaven Lighthouse<\/em>, 2020<\/p>\n\n\n\n<div style=\"height:10px\" aria-hidden=\"true\" class=\"wp-block-spacer\"><\/div>\n\n\n\n<p class=\"has-text-align-left\"><em>Je vous souhaite une paisible fin d\u2019ann\u00e9e.<\/em><\/p>\n\n\n\n<p class=\"has-text-align-right\"><em>Ad\u00e8le<\/em><\/p>\n\n\n\n<p><em>N\u2019h\u00e9sitez pas \u00e0 relayer et partager cette publication et, surtout, n\u2019oubliez pas de nous faire part de vos d\u00e9couvertes, parutions ou activit\u00e9s !<\/em><\/p>\n\n\n\n<figure class=\"wp-block-image size-large\"><img loading=\"lazy\" decoding=\"async\" width=\"1024\" height=\"113\" src=\"https:\/\/etudes-woolfiennes.org\/wp-content\/uploads\/2022\/07\/Les-nouvelles-1024x113.png\" alt=\"\" class=\"wp-image-3668\" srcset=\"https:\/\/etudes-woolfiennes.org\/wp-content\/uploads\/2022\/07\/Les-nouvelles-1024x113.png 1024w, https:\/\/etudes-woolfiennes.org\/wp-content\/uploads\/2022\/07\/Les-nouvelles-300x33.png 300w, https:\/\/etudes-woolfiennes.org\/wp-content\/uploads\/2022\/07\/Les-nouvelles-768x84.png 768w, https:\/\/etudes-woolfiennes.org\/wp-content\/uploads\/2022\/07\/Les-nouvelles-1536x169.png 1536w, https:\/\/etudes-woolfiennes.org\/wp-content\/uploads\/2022\/07\/Les-nouvelles-720x79.png 720w, https:\/\/etudes-woolfiennes.org\/wp-content\/uploads\/2022\/07\/Les-nouvelles-560x62.png 560w, https:\/\/etudes-woolfiennes.org\/wp-content\/uploads\/2022\/07\/Les-nouvelles.png 2000w\" sizes=\"auto, (max-width: 1024px) 100vw, 1024px\" \/><\/figure>\n\n\n\n<h2 class=\"wp-block-heading has-text-align-center\">Converser<\/h2>\n\n\n\n<p>Au printemps dernier, la galerie londonienne <a href=\"https:\/\/www.emanuelacampoli.com\/exhibitions\/anna-boghiguian\" target=\"_blank\" rel=\"noreferrer noopener\"><u>Campoli Presti<\/u><\/a> mit \u00e0 l\u2019honneur les conversations d\u2019Anna Boghiguian qui explorent ses lectures des \u0153uvres de Clarice Lispector et Virginia Woolf. Le magazine <a href=\"https:\/\/www.frieze.com\/article\/anna-boghiguian-conversations-2023-review\" target=\"_blank\" rel=\"noreferrer noopener\"><em><u>Frieze<\/u><\/em><\/a> en fait un compte-rendu.<\/p>\n\n\n\n<p>Gros \u00e9v\u00e8nement de la rentr\u00e9e, l\u2019exposition <em>Bring No Clothes<\/em> \u00e0 Charleston, orchestr\u00e9e par Charlie Porter et port\u00e9e aux nues dans la presse. On peut lire interview, comptes-rendus et essais dans le <a href=\"https:\/\/www.theguardian.com\/culture\/2023\/aug\/22\/secret-sexual-signals-bloomsbury-group-bring-no-clothes-charlie-porter-charleston?fbclid=PAAaYd5NZu-uOEmfWyb0xshE0cn2OtonFkqw6BppoPkTbCThwHg5ZpFCz2X0s_aem_AUE7SrCHmwA1jS0xJmJOnjTcV5GuyOsPSF2GruVHTlLcWCzNIdGs04--HJOXAONnlV8\" target=\"_blank\" rel=\"noreferrer noopener\"><em><u>Guardian<\/u><\/em><\/a>, le <a href=\"https:\/\/www.ft.com\/content\/a1535839-dd68-4e31-8ec9-3bd9722005af\" target=\"_blank\" rel=\"noreferrer noopener\"><em><u>Financial Times<\/u><\/em><\/a>, le magazine <a href=\"https:\/\/www.anothermag.com\/fashion-beauty\/15089\/the-bloomsbury-group-bring-no-clothes-book-charlie-porter-interview\" target=\"_blank\" rel=\"noreferrer noopener\"><em><u>Another<\/u><\/em><\/a>, <a href=\"https:\/\/www.newyorker.com\/magazine\/2023\/09\/25\/the-bloomsbury-group-is-back-in-vogue\" target=\"_blank\" rel=\"noreferrer noopener\"><em><u>The New Yorker<\/u><\/em><\/a>, le <a href=\"https:\/\/www.nytimes.com\/2023\/09\/15\/arts\/design\/bloomsbury-group-fashion-bring-no-clothes.html\" target=\"_blank\" rel=\"noreferrer noopener\"><em><u>New York Times<\/u><\/em><\/a>, <a href=\"https:\/\/theconversation.com\/the-surprisingly-punk-fashion-of-the-bloomsbury-set-including-virginia-woolf-and-vanessa-bell-213907\" target=\"_blank\" rel=\"noreferrer noopener\"><em><u>The Conversation<\/u><\/em><\/a>, entre autres.<\/p>\n\n\n\n<p>L\u2019adaptation d\u2019<em>Orlando<\/em> par Paul B. Preciado est d\u00e9sormais disponible sur <a href=\"https:\/\/www.arte.tv\/fr\/videos\/103542-000-A\/orlando-ma-biographie-politique\/\" target=\"_blank\" rel=\"noreferrer noopener\"><em><u>Arte<\/u><\/em><\/a>. On en parle dans le <a href=\"https:\/\/lithub.com\/becoming-others-enacting-the-transness-of-virginia-woolfs-orlando\/\" target=\"_blank\" rel=\"noreferrer noopener\"><em><u>Literary Hub<\/u><\/em><\/a> et <a href=\"https:\/\/www.pajiba.com\/film_reviews\/orlando-my-political-biography-is-part-memoir-part-literary-adaptation-part-revolution.php\" target=\"_blank\" rel=\"noreferrer noopener\"><em><u>Pajiba<\/u><\/em><\/a>. Plus une interview pour le <a href=\"https:\/\/www.latimes.com\/entertainment-arts\/movies\/story\/2023-12-02\/orlando-my-political-biography-paul-b-preciado-trans-non-binary\" target=\"_blank\" rel=\"noreferrer noopener\"><em><u>Los Angeles Times<\/u><\/em><\/a>.<\/p>\n\n\n\n<p>La romanci\u00e8re Catherine Lacey dialogue avec l\u2019\u0153uvre woolfienne dans son dernier roman <a href=\"https:\/\/newrepublic.com\/article\/171215\/catherine-laceys-pursuit-art-monster-biography-x-review\" target=\"_blank\" rel=\"noreferrer noopener\"><em><u>Biography of X<\/u><\/em><\/a>.<\/p>\n\n\n\n<p>Anne-Laure Rigeade et Val\u00e9rie Favre coorganise <a href=\"https:\/\/room.hypotheses.org\/\" target=\"_blank\" rel=\"noreferrer noopener\">\u00ab&nbsp;<u><em>A Room of One\u2019s Own<\/em> et les sciences humaines et sociales&nbsp;\u00bb<\/u><\/a>, un s\u00e9minaire \u00e0 la fois en ligne et en pr\u00e9sentiel.<\/p>\n\n\n\n<div style=\"height:10px\" aria-hidden=\"true\" class=\"wp-block-spacer\"><\/div>\n\n\n\n<h2 class=\"wp-block-heading has-text-align-center\">Prolonger<\/h2>\n\n\n\n<p><a href=\"https:\/\/www.literaturecambridge.co.uk\/book-woolf-season\" target=\"_blank\" rel=\"noreferrer noopener\"><u>Literature Cambridge<\/u><\/a> poursuit son cycle de relectures woolfiennes.<\/p>\n\n\n\n<p>Mercredi 20 d\u00e9cembre, <a href=\"https:\/\/actualitte.com\/article\/114597\/television\/un-doc-a-soi-virginia-woolf-a-l-honneur-sur-france-5\" target=\"_blank\" rel=\"noreferrer noopener\"><u>France 5<\/u><\/a> diffuse <em>Un doc \u00e0 soi<\/em> sur Virginia Woolf \u00e0 21h05.<\/p>\n\n\n\n<p>Comment analyser le \u00ab&nbsp;content warning&nbsp;\u00bb d\u00e9sormais en exergue de l\u2019\u00e9dition am\u00e9ricaine de <em>To the Lighthouse&nbsp;<\/em>? Brian Dixon propose des pistes de r\u00e9flexion dans <a href=\"https:\/\/theconversation.com\/friday-essay-what-do-publishers-revisions-and-content-warnings-say-about-the-moral-purpose-of-literature-209864\" target=\"_blank\" rel=\"noreferrer noopener\"><em><u>The Conversation<\/u><\/em><\/a> et Tom Slater pour <a href=\"https:\/\/www.spectator.co.uk\/article\/virginia-woolf-doesnt-need-a-trigger-warning\/\" target=\"_blank\" rel=\"noreferrer noopener\"><em><u>The Spectator<\/u><\/em><\/a>.<\/p>\n\n\n\n<p>Julia Sirmons revient sur les adaptations filmiques d\u2019<em>Orlando<\/em> pour la <a href=\"https:\/\/lareviewofbooks.org\/article\/something-intricate-and-many-chambered-on-adapting-virginia-woolfs-orlando\/\" target=\"_blank\" rel=\"noreferrer noopener\"><em><u>LA Review of Books<\/u><\/em><\/a>.<\/p>\n\n\n\n<p>Joanna Biggs publie <em>A Life of One\u2019s Own. Nine Women Writers Begin Again<\/em>, que le <a href=\"https:\/\/www.washingtonpost.com\/books\/2023\/05\/17\/life-ones-own-joanna-biggs\/\" target=\"_blank\" rel=\"noreferrer noopener\"><em><u>Washington Post<\/u><\/em><\/a> et le <a href=\"https:\/\/www.theguardian.com\/books\/2023\/may\/11\/a-life-of-ones-own-by-joanna-biggs-review-on-the-shoulders-of-giants\" target=\"_blank\" rel=\"noreferrer noopener\"><em><u>Guardian<\/u><\/em><\/a> recensent.<\/p>\n\n\n\n<p><a href=\"https:\/\/www.theguardian.com\/travel\/2023\/sep\/17\/in-the-footsteps-of-virginia-woolf-walking-the-west-cornwall-coast-to-the-badger-pub\" target=\"_blank\" rel=\"noreferrer noopener\"><u>P\u00e8lerinage litt\u00e9raire<\/u><\/a>&nbsp;: balade en Cornouailles sur les pas de Woolf propos\u00e9 autour de St Yves.<\/p>\n\n\n\n<p>Le tournage de <a href=\"https:\/\/thecinemaholic.com\/virginia-woolfs-night-and-day-starring-haley-bennett-starts-shooting-in-july\/\" target=\"_blank\" rel=\"noreferrer noopener\"><em><u>Night and Day<\/u><\/em><\/a> a d\u00e9but\u00e9 cet \u00e9t\u00e9 sous la direction de Tina Gharavi.<\/p>\n\n\n\n<div style=\"height:10px\" aria-hidden=\"true\" class=\"wp-block-spacer\"><\/div>\n\n\n\n<h2 class=\"wp-block-heading has-text-align-center\">Relire journaux et publications originales<\/h2>\n\n\n\n<p>Pour le <a href=\"https:\/\/www.theguardian.com\/books\/2023\/jun\/22\/the-diary-of-virginia-woolf-review-a-book-for-the-ages\" target=\"_blank\" rel=\"noreferrer noopener\"><em><u>Guardian<\/u><\/em><\/a>, Hermione Lee fait retour sur la republication de l\u2019int\u00e9grale des journaux parue chez Granta cette ann\u00e9e. Geoff Dyer en fait de m\u00eame pour <a href=\"https:\/\/www.theparisreview.org\/blog\/2023\/09\/12\/looking-for-virginia-woolfs-diaries\/?mc_cid=a66fb93947&amp;mc_eid=135ac0e494\" target=\"_blank\" rel=\"noreferrer noopener\"><em><u>The Paris Review<\/u><\/em><\/a>.<\/p>\n\n\n\n<p>Harriet Baker se penche quant \u00e0 elle sur le journal de 1917 pour <a href=\"https:\/\/www.theparisreview.org\/blog\/2023\/06\/21\/virginia-woolfs-forgotten-diary\/?mc_cid=e6bf15b677&amp;mc_eid=135ac0e494\" target=\"_blank\" rel=\"noreferrer noopener\"><em><u>The Paris Review<\/u><\/em><\/a>.<\/p>\n\n\n\n<p>Un exemplaire de <em>The Voyage Out<\/em> ayant appartenu \u00e0 Woolf a \u00e9t\u00e9 retrouv\u00e9 \u00e0 Sydney. Accessible en ligne, il contient de nombreuses annotations sur lesquelles reviennent le <a href=\"https:\/\/www.theguardian.com\/australia-news\/2023\/jul\/24\/virginia-wolf-debut-novel-found-sydney-the-voyage-out-read-online-digitised-australia\" target=\"_blank\" rel=\"noreferrer noopener\"><em><u>Guardian<\/u><\/em><\/a> et le <a href=\"https:\/\/lithub.com\/an-annotated-copy-of-virginia-woolfs-difficult-debut-novel-shows-her-evolution-in-action\/\" target=\"_blank\" rel=\"noreferrer noopener\"><em><u>Literary Hub<\/u><\/em><\/a><\/p>\n\n\n\n<div style=\"height:10px\" aria-hidden=\"true\" class=\"wp-block-spacer\"><\/div>\n\n\n\n<figure class=\"wp-block-image size-large\"><img loading=\"lazy\" decoding=\"async\" width=\"1024\" height=\"113\" src=\"https:\/\/etudes-woolfiennes.org\/wp-content\/uploads\/2022\/07\/Viennent-de-parai\u0302tre-2-1-1024x113.png\" alt=\"\" class=\"wp-image-3704\" srcset=\"https:\/\/etudes-woolfiennes.org\/wp-content\/uploads\/2022\/07\/Viennent-de-parai\u0302tre-2-1-1024x113.png 1024w, https:\/\/etudes-woolfiennes.org\/wp-content\/uploads\/2022\/07\/Viennent-de-parai\u0302tre-2-1-300x33.png 300w, https:\/\/etudes-woolfiennes.org\/wp-content\/uploads\/2022\/07\/Viennent-de-parai\u0302tre-2-1-768x84.png 768w, https:\/\/etudes-woolfiennes.org\/wp-content\/uploads\/2022\/07\/Viennent-de-parai\u0302tre-2-1-1536x169.png 1536w, https:\/\/etudes-woolfiennes.org\/wp-content\/uploads\/2022\/07\/Viennent-de-parai\u0302tre-2-1-720x79.png 720w, https:\/\/etudes-woolfiennes.org\/wp-content\/uploads\/2022\/07\/Viennent-de-parai\u0302tre-2-1-560x62.png 560w, https:\/\/etudes-woolfiennes.org\/wp-content\/uploads\/2022\/07\/Viennent-de-parai\u0302tre-2-1.png 2000w\" sizes=\"auto, (max-width: 1024px) 100vw, 1024px\" \/><\/figure>\n\n\n\n<p>Stefania Arcara, \u00ab&nbsp;Il bacio di Sally. Erotismo, lesbismo e femminismo in <em>Mrs Dalloway<\/em> di Virginia Woolf&nbsp;\u00bb, <a href=\"https:\/\/manastabalblog.wordpress.com\/2023\/06\/16\/il-bacio-di-sally-erotismo-lesbismo-e-femminismo-in-mrs-dalloway-di-virginia-woolf\/?fbclid=IwAR0oGnsCQQFe_toxynp9_IzmgbGBBXIxlusKPpkQewXajpaNYoVG-IvtTXM\" target=\"_blank\" rel=\"noreferrer noopener\"><em><u>Manastabal. Feminismo materialista<\/u><\/em><\/a>, 2023<\/p>\n\n\n\n<p>Val\u00e9rie Favre, \u00ab&nbsp;Faulty Woolf? Exploring the Fault Lines of Virginia Woolf\u2019s Heritage in the British Statue Wars&nbsp;\u00bb, <a href=\"https:\/\/journals.openedition.org\/ebc\/13525\" target=\"_blank\" rel=\"noreferrer noopener\"><u><em>EBC<\/em> 64<\/u><\/a>, 2023<\/p>\n\n\n\n<p>Charlie Porter, <a href=\"https:\/\/www.penguin.co.uk\/books\/453043\/bring-no-clothes-by-porter-charlie\/9780241602751\" target=\"_blank\" rel=\"noreferrer noopener\"><em><u>Bring No Clothes. Bloomsbury and the Philosphy of Fashion<\/u><\/em><\/a>, Penguin, 2023<\/p>\n\n\n\n<p>Gabi Reigh, <a href=\"https:\/\/www.aurorametro.com\/product\/virginias-sisters\/\" target=\"_blank\" rel=\"noreferrer noopener\"><em><u>Virginia\u2019s Sisters. An Anthology of Women\u2019s Writing<\/u><\/em><\/a>, Aurora Metro Books, 2023<\/p>\n\n\n\n<p>Virginia Woolf, <a href=\"https:\/\/reliefseditions.com\/la-bibliotheque-illustree\/\" target=\"_blank\" rel=\"noreferrer noopener\"><em><u>Kew Gardens<\/u><\/em><\/a>, trad. A. Desarthes, ill. J. Khoo, Reliefs, 2023<\/p>\n\n\n\n<div style=\"height:10px\" aria-hidden=\"true\" class=\"wp-block-spacer\"><\/div>\n\n\n\n<hr class=\"wp-block-separator has-alpha-channel-opacity is-style-dots\"\/>\n\n\n\n<h2 class=\"wp-block-heading has-text-align-center\">Cotisations<\/h2>\n\n\n\n<p>Pour rappel, la Soci\u00e9t\u00e9 des \u00c9tudes Woolfiennes ne peut fonctionner sans votre aide&nbsp;: manifestations et publications n\u2019existent que par vos contributions (25\u20ac\/15\u20ac).&nbsp;<a rel=\"noreferrer noopener\" href=\"http:\/\/etudes-woolfiennes.org\/?page_id=47\" target=\"_blank\"><u>Contactez la tr\u00e9sori\u00e8re pour en savoir davantage<\/u><\/a>&nbsp;ou renouveler votre cotisation.<\/p>\n\n\n\n<div style=\"height:10px\" aria-hidden=\"true\" class=\"wp-block-spacer\"><\/div>\n","protected":false},"excerpt":{"rendered":"<p>Che-res ami-es woolfien-nes, Ces derniers temps, je pense aux mots de Virginia Woolf, not\u00e9s dans son journal le 18 janvier 1915, alors que la 1\u00e8re guerre mondiale s&#8217;emballait&nbsp;: \u00ab&nbsp;The future is dark, which is the best thing the future can be, I think.&nbsp;\u00bb Et je pense \u00e0 ce que Rebecca Solnit dit de cette citation [&hellip;]<\/p>\n","protected":false},"author":2,"featured_media":3941,"comment_status":"closed","ping_status":"open","sticky":false,"template":"","format":"standard","meta":{"footnotes":""},"categories":[48],"tags":[],"class_list":["post-3931","post","type-post","status-publish","format-standard","has-post-thumbnail","hentry","category-newsletter"],"blocksy_meta":[],"_links":{"self":[{"href":"https:\/\/etudes-woolfiennes.org\/index.php?rest_route=\/wp\/v2\/posts\/3931","targetHints":{"allow":["GET"]}}],"collection":[{"href":"https:\/\/etudes-woolfiennes.org\/index.php?rest_route=\/wp\/v2\/posts"}],"about":[{"href":"https:\/\/etudes-woolfiennes.org\/index.php?rest_route=\/wp\/v2\/types\/post"}],"author":[{"embeddable":true,"href":"https:\/\/etudes-woolfiennes.org\/index.php?rest_route=\/wp\/v2\/users\/2"}],"replies":[{"embeddable":true,"href":"https:\/\/etudes-woolfiennes.org\/index.php?rest_route=%2Fwp%2Fv2%2Fcomments&post=3931"}],"version-history":[{"count":10,"href":"https:\/\/etudes-woolfiennes.org\/index.php?rest_route=\/wp\/v2\/posts\/3931\/revisions"}],"predecessor-version":[{"id":4167,"href":"https:\/\/etudes-woolfiennes.org\/index.php?rest_route=\/wp\/v2\/posts\/3931\/revisions\/4167"}],"wp:featuredmedia":[{"embeddable":true,"href":"https:\/\/etudes-woolfiennes.org\/index.php?rest_route=\/wp\/v2\/media\/3941"}],"wp:attachment":[{"href":"https:\/\/etudes-woolfiennes.org\/index.php?rest_route=%2Fwp%2Fv2%2Fmedia&parent=3931"}],"wp:term":[{"taxonomy":"category","embeddable":true,"href":"https:\/\/etudes-woolfiennes.org\/index.php?rest_route=%2Fwp%2Fv2%2Fcategories&post=3931"},{"taxonomy":"post_tag","embeddable":true,"href":"https:\/\/etudes-woolfiennes.org\/index.php?rest_route=%2Fwp%2Fv2%2Ftags&post=3931"}],"curies":[{"name":"wp","href":"https:\/\/api.w.org\/{rel}","templated":true}]}}