{"id":42,"date":"2010-03-31T20:30:48","date_gmt":"2010-03-31T18:30:48","guid":{"rendered":"http:\/\/etudes-woolfiennes.org\/?p=42"},"modified":"2017-12-26T15:40:25","modified_gmt":"2017-12-26T13:40:25","slug":"42","status":"publish","type":"post","link":"https:\/\/etudes-woolfiennes.org\/?p=42","title":{"rendered":"Colloque international de la SEW, 17-18 septembre 2010, Aix-en-Provence"},"content":{"rendered":"<p style=\"text-align: center;\"><a href=\"http:\/\/etudes-woolfiennes.org\/wp-content\/uploads\/2010\/03\/Picture-23.png\"><img loading=\"lazy\" decoding=\"async\" class=\"wp-image-803 aligncenter\" src=\"http:\/\/etudes-woolfiennes.org\/wp-content\/uploads\/2010\/03\/Picture-23.png\" alt=\"\" width=\"174\" height=\"245\" srcset=\"https:\/\/etudes-woolfiennes.org\/wp-content\/uploads\/2010\/03\/Picture-23.png 304w, https:\/\/etudes-woolfiennes.org\/wp-content\/uploads\/2010\/03\/Picture-23-212x300.png 212w\" sizes=\"auto, (max-width: 174px) 100vw, 174px\" \/><\/a><\/p>\n<h2 style=\"text-align: center;\"><strong>Woolf contemporaine\u00a0 \/\u00a0 A Contemporary W<\/strong><strong>oolf<\/strong><\/h2>\n<h2 style=\"text-align: center;\">\u00a0Colloque international de la SEW<\/h2>\n<h2 style=\"text-align: center;\">\u00a017-18 septembre 2010<\/h2>\n<h2 style=\"text-align: center;\">\u00a0Aix-en-Provence<\/h2>\n<h2 style=\"text-align: center;\">(Universit\u00e9 de Provence)<\/h2>\n<h3 style=\"text-align: center;\"><a href=\"http:\/\/etudes-woolfiennes.org\/wp-content\/uploads\/2010\/03\/p-Insert-2.png\"><img loading=\"lazy\" decoding=\"async\" class=\"alignnone wp-image-2114\" src=\"http:\/\/etudes-woolfiennes.org\/wp-content\/uploads\/2010\/03\/p-Insert-2.png\" alt=\"\" width=\"15\" height=\"15\" \/><\/a><\/h3>\n<h4 style=\"text-align: center;\"><strong><em>Pour consulter le programme du colloque, cliquez ici<\/em><\/strong><strong><em>:<\/em><\/strong><\/h4>\n<h4 style=\"text-align: center;\"><strong><em><a href=\"http:\/\/etudes-woolfiennes.org\/wp-content\/uploads\/2010\/03\/Woolf-contemporaine-Programme.pdf\" target=\"_blank\" rel=\"noopener\"><u>Conference Programme<\/u><\/a><br \/>\n<\/em><\/strong><\/h4>\n<h3 style=\"text-align: center;\"><a href=\"http:\/\/etudes-woolfiennes.org\/wp-content\/uploads\/2010\/03\/p-Insert-2.png\"><img loading=\"lazy\" decoding=\"async\" class=\"alignnone wp-image-2114\" src=\"http:\/\/etudes-woolfiennes.org\/wp-content\/uploads\/2010\/03\/p-Insert-2.png\" alt=\"\" width=\"15\" height=\"15\" \/><\/a><\/h3>\n<h4 style=\"text-align: center;\"><em><strong>Organisation details<\/strong><\/em><\/h4>\n<p style=\"text-align: center;\">The <em>Soci\u00e9t\u00e9 d\u2019Etudes Woolfiennes<\/em> is delighted to be welcoming Christine Froula, Laura Marcus and David Bradshaw to give keynote lectures.<\/p>\n<p style=\"text-align: center;\">The conference will be held at the Maison m\u00e9diterran\u00e9enne des sciences de l\u2019homme, at Jas-de-Bouffan, a 10-minute bus ride from the Rotonde (the central fountain in the city centre).<\/p>\n<p style=\"text-align: center;\">The conference will begin on Friday September 17th at\u00a0 9 a.m. Two full days of conferences in plenary sessions (Friday) and parallel sessions (Saturday) are planned (see programme above).<\/p>\n<p style=\"text-align: center;\">A performance of \u00ab\u00a0Vanessa\u00a0 and Virginia \u00bb, a stage adaptation by Elizabeth Wright of the novel <em>Vanessa and Virginia <\/em>by Susan Sellers will take place on the Friday evening.<\/p>\n<figure id=\"attachment_2116\" aria-describedby=\"caption-attachment-2116\" style=\"width: 446px\" class=\"wp-caption aligncenter\"><a href=\"http:\/\/etudes-woolfiennes.org\/wp-content\/uploads\/2010\/03\/VV_Aix2010.png\"><img loading=\"lazy\" decoding=\"async\" class=\"wp-image-2116\" src=\"http:\/\/etudes-woolfiennes.org\/wp-content\/uploads\/2010\/03\/VV_Aix2010.png\" alt=\"\" width=\"446\" height=\"446\" srcset=\"https:\/\/etudes-woolfiennes.org\/wp-content\/uploads\/2010\/03\/VV_Aix2010.png 1000w, https:\/\/etudes-woolfiennes.org\/wp-content\/uploads\/2010\/03\/VV_Aix2010-150x150.png 150w, https:\/\/etudes-woolfiennes.org\/wp-content\/uploads\/2010\/03\/VV_Aix2010-300x300.png 300w, https:\/\/etudes-woolfiennes.org\/wp-content\/uploads\/2010\/03\/VV_Aix2010-768x768.png 768w, https:\/\/etudes-woolfiennes.org\/wp-content\/uploads\/2010\/03\/VV_Aix2010-720x720.png 720w, https:\/\/etudes-woolfiennes.org\/wp-content\/uploads\/2010\/03\/VV_Aix2010-560x560.png 560w\" sizes=\"auto, (max-width: 446px) 100vw, 446px\" \/><\/a><figcaption id=\"caption-attachment-2116\" class=\"wp-caption-text\">Vanessa and Virginia, adapted by Elizabeth Wright, directed by Emma Gersch, premiered in Aix-en-Provence on September 17th 2010.<\/figcaption><\/figure>\n<h3 style=\"text-align: center;\"><a href=\"http:\/\/etudes-woolfiennes.org\/wp-content\/uploads\/2010\/03\/p-Insert-2.png\"><img loading=\"lazy\" decoding=\"async\" class=\"alignnone wp-image-2114\" src=\"http:\/\/etudes-woolfiennes.org\/wp-content\/uploads\/2010\/03\/p-Insert-2.png\" alt=\"\" width=\"15\" height=\"15\" \/><\/a><\/h3>\n<h4 style=\"text-align: center;\"><strong><em>Renseignements pratiques et fiche d\u2019inscription t\u00e9l\u00e9chargeables en cliquant sur les liens ci-dessous:<\/em><\/strong><\/h4>\n<p style=\"text-align: center;\">\u2013\u00a0<a href=\"http:\/\/etudes-woolfiennes.org\/wp-content\/uploads\/2010\/03\/Conference-Registration-Form.docx\" target=\"_blank\" rel=\"noopener\"><u>Fiche d&rsquo;inscription<\/u><\/a> \/ Registration form<\/p>\n<p style=\"text-align: center;\">\u2013 <a href=\"http:\/\/etudes-woolfiennes.org\/wp-content\/uploads\/2010\/03\/Registration-Fees.pdf\" target=\"_blank\" rel=\"noopener\"><u>D\u00e9tails des frais d&rsquo;inscription<\/u><\/a> \/ Registration fees<\/p>\n<p style=\"text-align: center;\">\u2013\u00a0<a href=\"http:\/\/etudes-woolfiennes.org\/wp-content\/uploads\/2010\/03\/He\u0301bergements-a\u0300-Aix-en-Provence.pdf\" target=\"_blank\" rel=\"noopener\"><u>H\u00e9bergements \u00e0 Aix-en-Provence<\/u><\/a> \/ Hotels in Aix-en-Provence<\/p>\n<p style=\"text-align: center;\">\u2013 <a href=\"http:\/\/etudes-woolfiennes.org\/wp-content\/uploads\/2010\/03\/Woolf-contemporaine-how-to-get-there.pdf\" target=\"_blank\" rel=\"noopener\"><u>Acc\u00e8s<\/u><\/a> \/ How to get there<\/p>\n<p style=\"text-align: center;\">\u2013 Pour plus de renseignements (plans de ville, bus): <a href=\"http:\/\/www.univ-provence.fr\/gsite\/document.php?pagendx=1358&amp;project=lerma\" target=\"_blank\" rel=\"noopener\"><u>Site du LERMA<\/u><\/a> (Laboratoire d\u2019\u00c9tudes et de Recherche sur le Monde Anglophone, Universit\u00e9 de Provence)<\/p>\n<h4 style=\"text-align: center;\">______________<\/h4>\n<h4 style=\"text-align: center;\"><strong><em>Texte de cadrage (Scroll down for the English version) :<\/em><\/strong><\/h4>\n<p style=\"text-align: center;\">Un si\u00e8cle apr\u00e8s le d\u00e9but d\u2019une nouvelle \u00e8re, selon la formule de Woolf \u201cOn or about December 1910, human character changed\u201d, nous proposons de r\u00e9fl\u00e9chir \u00e0 la contemporan\u00e9it\u00e9 de Virginia Woolf, sur la question de son inscription dans le temps, dans son temps : \u201cbeing that which we are, that which we have made, that in which we live\u201d (\u201cHow It Strikes a Contemporary\u201d,1925).<\/p>\n<p style=\"text-align: center;\">Si \u00eatre contemporain, ce n\u2019est pas adh\u00e9rer aux pr\u00e9tentions du pr\u00e9sent mais bien plut\u00f4t, comme Giorgio Agamben le d\u00e9finit dans son essai \u00ab\u00a0Qu\u2019est-ce que le contemporain?\u00a0\u00bb, saisir son temps depuis une certaine distance, qu\u2019en est-il de la contemporan\u00e9it\u00e9 de Woolf, \u00e0 la fois par rapport \u00e0 son \u00e9poque et par rapport \u00e0 notre pr\u00e9sent ?\u00a0 Dans quelle mesure ses \u00e9crits, tant fictionnels que non-fictionnels, pensent-ils et mettent-ils en \u0153uvre cette inactualit\u00e9, cette non-co\u00efncidence avec son temps qui permet pr\u00e9cis\u00e9ment \u00e0 un auteur\u00a0 d\u2018en \u201cvoir les t\u00e9n\u00e8bres\u201d, d\u2019en \u201cpercevoir l\u2019obscurit\u00e9\u201d ?<\/p>\n<p style=\"text-align: center;\">Il s\u2019agira tout particuli\u00e8rement d\u2019explorer la pens\u00e9e de la modernit\u00e9 chez Woolf. Comment ses textes attestent-ils autant la barbarie que la culture de son si\u00e8cle ? Comment mettent-ils le pr\u00e9sent en relation avec le pass\u00e9 et l\u2019avenir? Et comment aujourd\u2019hui \u00eatre \u201ccontemporains\u201d de ses textes, y voir les figures de notre si\u00e8cle et de notre maintenant? Comment d\u00e9finir dans nos lectures ces moments o\u00f9 le pr\u00e9sent de l\u2019\u00e9criture woolfienne nous devient contemporain, et, \u00e0 ce titre, g\u00e9n\u00e9rateur de textes futurs ? Ce sont quelques questions parmi d\u2019autres, qui peuvent nous inciter \u00e0 r\u00e9fl\u00e9chir \u00e0 la contemporan\u00e9it\u00e9 de Virginia Woolf en m\u00eame temps qu\u2019\u00e0 la n\u00f4tre.<\/p>\n<p style=\"text-align: center;\">Interroger Woolf en tant que contemporaine nous invite donc \u00e0 reconsid\u00e9rer l\u2019histoire hors du d\u00e9roulement chronologique et \u00e0 voir dans le pr\u00e9sent un lieu de rencontres entre les temporalit\u00e9s, entre les g\u00e9n\u00e9rations \u2014 autrement dit, \u00e0 penser le pr\u00e9sent selon la tension que Woolf \u00e9nonce \u00e0 la fin de l\u2019essai \u201cHow it Strikes a Contemporary\u201d:\u201cscan the horizon; see the past in relation to the future; and so prepare the way for masterpieces to come.\u201d<\/p>\n<h3 style=\"text-align: center;\"><a href=\"http:\/\/etudes-woolfiennes.org\/wp-content\/uploads\/2010\/03\/p-Insert-2.png\"><img loading=\"lazy\" decoding=\"async\" class=\"alignnone wp-image-2114\" src=\"http:\/\/etudes-woolfiennes.org\/wp-content\/uploads\/2010\/03\/p-Insert-2.png\" alt=\"\" width=\"15\" height=\"15\" \/><\/a><\/h3>\n<h2 style=\"text-align: center;\">A Contemporary Woolf<\/h2>\n<p style=\"text-align: center;\">\u201cOn or about December 1910, human character changed\u201d : one century after this new beginning, we invite you to reflect on Virginia Woolf\u2019s relation to the contemporary, and on how she is inscribed in time, and in her time, \u201cbeing that which we are, that which we have made, that in which we live\u201d (\u201cHow It Strikes a Contemporary\u201d,1925).<\/p>\n<p style=\"text-align: center;\">If being contemporary means not abiding by the\u00a0 strictures of the present, but rather, as Giorgio Agamben maintains in his essay \u00ab\u00a0What is the Contemporary\u00a0?\u00a0\u00bb grasping the meaning of one\u2019s time from outside, what does this imply about Woolf\u2019s contemporaneity, both in terms of her own era, and in terms of our present\u00a0? To what extent does her\u00a0 fictional as well as non-fictional work reflect on or engage with those forms of untimeliness or out-of-timeness which enable an author to \u00ab\u00a0see its shadows\u00a0\u00bb or \u00ab\u00a0perceive its obscurity\u00a0\u00bb\u00a0?<\/p>\n<p style=\"text-align: center;\">Our principal aim will be to explore the ways in which Woolf conceives of modernity. How do her texts display an awareness of the barbarity as well as of the culture of her century\u00a0? How do they relate the present to the past and the future\u00a0? And how might we today be \u00ab\u00a0contemporaries\u00a0\u00bb of her texts, and see in them figurations of our own century, our own times\u00a0? How can we as readers define those moments in the text when Woolf\u2019s writing becomes contemporary now, and as such generates works to come\u00a0? These are some of the questions which can incite us to reflect on Virginia\u00a0 Woolf\u2019s contemporaneity at the same time as we contemplate our own.<\/p>\n<p style=\"text-align: center;\">Considering Woolf as a contemporary implies thinking about history outside chronological sequence and positing the present as a crossroads between epochs, between generations \u2014in other words conceiving the present caught in the tension of temporalities as Woolf describes it at the end of her essay \u201cHow it Strikes a Contemporary\u201d: \u201cscan the horizon; see the past in relation to the future; and so prepare the way for masterpieces to come.\u201d<\/p>\n","protected":false},"excerpt":{"rendered":"<p>Un si\u00e8cle apr\u00e8s le d\u00e9but d\u2019une nouvelle \u00e8re, selon la formule de Woolf \u201cOn or about December 1910, human character changed\u201d, nous proposons de r\u00e9fl\u00e9chir \u00e0 la contemporan\u00e9it\u00e9 de Virginia Woolf, sur la question de son inscription dans le temps, dans son temps : \u201cbeing that which we are, that which we have made, that in which we live\u201d (\u201cHow It Strikes a Contemporary\u201d,1925). \/ \u201cOn or about December 1910, human character changed\u201d : one century after this new beginning, we invite you to reflect on Virginia Woolf\u2019s relation to the contemporary, and on how she is inscribed in time, and in her time, \u201cbeing that which we are, that which we have made, that in which we live\u201d (\u201cHow It Strikes a Contemporary\u201d,1925).<\/p>\n","protected":false},"author":1,"featured_media":0,"comment_status":"closed","ping_status":"open","sticky":false,"template":"","format":"standard","meta":{"footnotes":""},"categories":[33],"tags":[],"class_list":["post-42","post","type-post","status-publish","format-standard","hentry","category-evenements-sew"],"blocksy_meta":[],"_links":{"self":[{"href":"https:\/\/etudes-woolfiennes.org\/index.php?rest_route=\/wp\/v2\/posts\/42","targetHints":{"allow":["GET"]}}],"collection":[{"href":"https:\/\/etudes-woolfiennes.org\/index.php?rest_route=\/wp\/v2\/posts"}],"about":[{"href":"https:\/\/etudes-woolfiennes.org\/index.php?rest_route=\/wp\/v2\/types\/post"}],"author":[{"embeddable":true,"href":"https:\/\/etudes-woolfiennes.org\/index.php?rest_route=\/wp\/v2\/users\/1"}],"replies":[{"embeddable":true,"href":"https:\/\/etudes-woolfiennes.org\/index.php?rest_route=%2Fwp%2Fv2%2Fcomments&post=42"}],"version-history":[{"count":104,"href":"https:\/\/etudes-woolfiennes.org\/index.php?rest_route=\/wp\/v2\/posts\/42\/revisions"}],"predecessor-version":[{"id":2278,"href":"https:\/\/etudes-woolfiennes.org\/index.php?rest_route=\/wp\/v2\/posts\/42\/revisions\/2278"}],"wp:attachment":[{"href":"https:\/\/etudes-woolfiennes.org\/index.php?rest_route=%2Fwp%2Fv2%2Fmedia&parent=42"}],"wp:term":[{"taxonomy":"category","embeddable":true,"href":"https:\/\/etudes-woolfiennes.org\/index.php?rest_route=%2Fwp%2Fv2%2Fcategories&post=42"},{"taxonomy":"post_tag","embeddable":true,"href":"https:\/\/etudes-woolfiennes.org\/index.php?rest_route=%2Fwp%2Fv2%2Ftags&post=42"}],"curies":[{"name":"wp","href":"https:\/\/api.w.org\/{rel}","templated":true}]}}