{"id":665,"date":"2010-06-08T23:18:19","date_gmt":"2010-06-08T21:18:19","guid":{"rendered":"http:\/\/etudes-woolfiennes.org\/?p=665"},"modified":"2017-12-31T14:28:58","modified_gmt":"2017-12-31T12:28:58","slug":"litterature-comparee","status":"publish","type":"post","link":"https:\/\/etudes-woolfiennes.org\/?p=665","title":{"rendered":"Paris Ouest Nanterre &#8211; 21 novembre 2013"},"content":{"rendered":"<p style=\"text-align: center;\"><strong>Sandra CHEILAN, <em>Po\u00e9tique de l&rsquo;intime dans l&rsquo;oeuvre de Proust, Woolf et Pessoa<\/em>.<\/strong><\/p>\n<p style=\"text-align: center;\"><strong> Dir.: Karen Haddad-Wotling (Paris X)<\/strong><\/p>\n<p style=\"text-align: center;\"><strong>Th\u00e8se soutenue en 2013<br \/>\n<\/strong><\/p>\n<p style=\"padding-left: 30px; text-align: center;\">\u00c0 une \u00e9poque d\u2019entre-deux, la crise des valeurs traditionnelles et celle de l\u2019identit\u00e9 vont de pair avec l\u2019av\u00e8nement d\u2019une po\u00e9tique de l\u2019intime chez Marcel Proust, Virginia Woolf et Fernando Pessoa. Ces trois auteurs remettent en question l\u2019appr\u00e9hension traditionnelle du sujet. Apr\u00e8s avoir d\u00e9fini la notion d\u2019intime, il s\u2019agira de \u00a0s\u2019int\u00e9resser \u00e0 la repr\u00e9sentation de l\u2019int\u00e9riorit\u00e9 et de la subjectivit\u00e9 \u00a0(la mise en place d\u2019un chronotope intime, ou la po\u00e9tisation du quotidien par exemple) et \u00e0 ses cons\u00e9quences \u00e9pist\u00e9mologiques (nouvelle d\u00e9finition de la notion de \u00ab\u00a0sujet\u00a0\u00bb, refus d\u2019une v\u00e9rit\u00e9 dogmatique et univoque). Cette exploration du \u00ab\u00a0moi\u00a0\u00bb, qui se r\u00e9v\u00e8le multiple, et de l\u2019\u00a0\u00ab\u00a0espace du dedans\u00a0\u00bb a des r\u00e9percussions esth\u00e9tiques\u00a0: elle m\u00e8ne \u00e0 l\u2019invention d\u2019une forme nouvelle d\u2019\u00e9criture, apte \u00e0 rendre compte de l\u2019intime (une \u00ab\u00a0\u00e2me-\u00e9criture\u00a0\u00bb ? une \u00e9criture plurielle\u00a0?) et \u00e0 un d\u00e9cloisonnement des genres. Il faudra donc analyser les moyens po\u00e9tiques mis en \u0153uvre dans cette \u00e9criture de l\u2019intime.<\/p>\n","protected":false},"excerpt":{"rendered":"<p>Ces trois auteurs remettent en question l\u2019appr\u00e9hension traditionnelle du sujet ; il s\u2019agira de  s\u2019int\u00e9resser \u00e0 la repr\u00e9sentation de l\u2019int\u00e9riorit\u00e9 et de la subjectivit\u00e9 et \u00e0 ses cons\u00e9quences \u00e9pist\u00e9mologiques.<\/p>\n","protected":false},"author":1,"featured_media":0,"comment_status":"closed","ping_status":"open","sticky":false,"template":"","format":"standard","meta":{"footnotes":""},"categories":[36],"tags":[],"class_list":["post-665","post","type-post","status-publish","format-standard","hentry","category-soutenances-de-these"],"blocksy_meta":[],"_links":{"self":[{"href":"https:\/\/etudes-woolfiennes.org\/index.php?rest_route=\/wp\/v2\/posts\/665","targetHints":{"allow":["GET"]}}],"collection":[{"href":"https:\/\/etudes-woolfiennes.org\/index.php?rest_route=\/wp\/v2\/posts"}],"about":[{"href":"https:\/\/etudes-woolfiennes.org\/index.php?rest_route=\/wp\/v2\/types\/post"}],"author":[{"embeddable":true,"href":"https:\/\/etudes-woolfiennes.org\/index.php?rest_route=\/wp\/v2\/users\/1"}],"replies":[{"embeddable":true,"href":"https:\/\/etudes-woolfiennes.org\/index.php?rest_route=%2Fwp%2Fv2%2Fcomments&post=665"}],"version-history":[{"count":8,"href":"https:\/\/etudes-woolfiennes.org\/index.php?rest_route=\/wp\/v2\/posts\/665\/revisions"}],"predecessor-version":[{"id":2691,"href":"https:\/\/etudes-woolfiennes.org\/index.php?rest_route=\/wp\/v2\/posts\/665\/revisions\/2691"}],"wp:attachment":[{"href":"https:\/\/etudes-woolfiennes.org\/index.php?rest_route=%2Fwp%2Fv2%2Fmedia&parent=665"}],"wp:term":[{"taxonomy":"category","embeddable":true,"href":"https:\/\/etudes-woolfiennes.org\/index.php?rest_route=%2Fwp%2Fv2%2Fcategories&post=665"},{"taxonomy":"post_tag","embeddable":true,"href":"https:\/\/etudes-woolfiennes.org\/index.php?rest_route=%2Fwp%2Fv2%2Ftags&post=665"}],"curies":[{"name":"wp","href":"https:\/\/api.w.org\/{rel}","templated":true}]}}