{"id":928,"date":"2011-01-06T22:56:53","date_gmt":"2011-01-06T20:56:53","guid":{"rendered":"http:\/\/etudes-woolfiennes.org\/?p=928"},"modified":"2017-12-26T15:41:09","modified_gmt":"2017-12-26T13:41:09","slug":"woolf-among-the-philosophers-paris-march-2012","status":"publish","type":"post","link":"https:\/\/etudes-woolfiennes.org\/?p=928","title":{"rendered":"Paris, Coll\u00e8ge de Philosophie \u2013 22, 23, 24 March 2012"},"content":{"rendered":"<div class=\"entry-content\">\n<h2 style=\"text-align: center;\">Virginia Woolf among the philosophers<\/h2>\n<p style=\"text-align: center;\">22-23-24 March 2012<\/p>\n<p style=\"text-align: center;\">Paris, Coll\u00e8ge de Philosophie<\/p>\n<p style=\"text-align: center;\"><a href=\"http:\/\/etudes-woolfiennes.org\/wp-content\/uploads\/2010\/03\/p-Insert-2.png\"><img loading=\"lazy\" decoding=\"async\" class=\"alignnone wp-image-2114\" src=\"http:\/\/etudes-woolfiennes.org\/wp-content\/uploads\/2010\/03\/p-Insert-2.png\" alt=\"\" width=\"15\" height=\"15\" \/><\/a><\/p>\n<p style=\"text-align: center;\">The conference is a joint project by:<\/p>\n<p style=\"text-align: center;\">Universit\u00e9 de Paris-Ouest Nanterre, Soci\u00e9t\u00e9 d\u2019\u00c9tudes Woolfiennes, Universit\u00e9 de Toulouse Le Mirail, Glasgow University, Keele University, Coll\u00e8ge International de Philosophie.<\/p>\n<p style=\"text-align: center;\"><a href=\"http:\/\/etudes-woolfiennes.org\/wp-content\/uploads\/2010\/03\/p-Insert-2.png\"><img loading=\"lazy\" decoding=\"async\" class=\"alignnone wp-image-2114\" src=\"http:\/\/etudes-woolfiennes.org\/wp-content\/uploads\/2010\/03\/p-Insert-2.png\" alt=\"\" width=\"15\" height=\"15\" \/><\/a><\/p>\n<p style=\"text-align: center;\"><strong>Comment pense la litt\u00e9rature? Sur un r\u00e9gime singulier, comment pense l\u2019\u00e9criture de Virginia Woolf? C\u2019est le champ de cette question que voudrait ouvrir ce colloque international consacr\u00e9 aux modes d\u2019articulation de la pens\u00e9e, de l\u2019\u0153uvre et de l\u2019\u00e9criture chez Virginia Woolf.<\/strong><\/p>\n<p style=\"text-align: center;\"><strong><em>Pour lire l\u2019argument, cliquez ici :<\/em><\/strong> <a href=\"http:\/\/etudes-woolfiennes.org\/wp-content\/uploads\/2011\/01\/Virginia-Woolf-avec-les-philosophes-Argument.pdf\" target=\"_blank\" rel=\"noopener\"><u>Argument<\/u><\/a><\/p>\n<p style=\"text-align: center;\"><em><strong>Liste des intervenants consultable ici :<\/strong><\/em> <a href=\"http:\/\/etudes-woolfiennes.org\/wp-content\/uploads\/2011\/01\/Virginia-Woolf-avec-les-philosophes-Intervenants.pdf\" target=\"_blank\" rel=\"noopener\"><u>Intervenants<\/u><\/a><\/p>\n<p style=\"text-align: center;\"><strong><em>Site du colloque ici : <\/em><\/strong><a href=\"http:\/\/malaisedanslaculture.wordpress.com\/158-2\/woolf-parmi-les-philosophes\/\" target=\"_blank\" rel=\"noopener\"><u>Colloque Virginia Woolf<\/u><\/a><\/p>\n<\/div>\n","protected":false},"excerpt":{"rendered":"<p>Comment pense la litt\u00e9rature? Sur un r\u00e9gime singulier, comment pense l\u2019\u00e9criture de Virginia Woolf? C\u2019est le champ de cette question que voudrait ouvrir ce colloque international consacr\u00e9 aux modes d\u2019articulation de la pens\u00e9e, de l\u2019\u0153uvre et de l\u2019\u00e9criture chez Virginia Woolf.<\/p>\n","protected":false},"author":1,"featured_media":0,"comment_status":"closed","ping_status":"open","sticky":false,"template":"","format":"standard","meta":{"footnotes":""},"categories":[33],"tags":[],"class_list":["post-928","post","type-post","status-publish","format-standard","hentry","category-evenements-sew"],"blocksy_meta":[],"_links":{"self":[{"href":"https:\/\/etudes-woolfiennes.org\/index.php?rest_route=\/wp\/v2\/posts\/928","targetHints":{"allow":["GET"]}}],"collection":[{"href":"https:\/\/etudes-woolfiennes.org\/index.php?rest_route=\/wp\/v2\/posts"}],"about":[{"href":"https:\/\/etudes-woolfiennes.org\/index.php?rest_route=\/wp\/v2\/types\/post"}],"author":[{"embeddable":true,"href":"https:\/\/etudes-woolfiennes.org\/index.php?rest_route=\/wp\/v2\/users\/1"}],"replies":[{"embeddable":true,"href":"https:\/\/etudes-woolfiennes.org\/index.php?rest_route=%2Fwp%2Fv2%2Fcomments&post=928"}],"version-history":[{"count":31,"href":"https:\/\/etudes-woolfiennes.org\/index.php?rest_route=\/wp\/v2\/posts\/928\/revisions"}],"predecessor-version":[{"id":2279,"href":"https:\/\/etudes-woolfiennes.org\/index.php?rest_route=\/wp\/v2\/posts\/928\/revisions\/2279"}],"wp:attachment":[{"href":"https:\/\/etudes-woolfiennes.org\/index.php?rest_route=%2Fwp%2Fv2%2Fmedia&parent=928"}],"wp:term":[{"taxonomy":"category","embeddable":true,"href":"https:\/\/etudes-woolfiennes.org\/index.php?rest_route=%2Fwp%2Fv2%2Fcategories&post=928"},{"taxonomy":"post_tag","embeddable":true,"href":"https:\/\/etudes-woolfiennes.org\/index.php?rest_route=%2Fwp%2Fv2%2Ftags&post=928"}],"curies":[{"name":"wp","href":"https:\/\/api.w.org\/{rel}","templated":true}]}}